{"id":201414,"date":"2022-07-08T19:39:44","date_gmt":"2022-07-08T22:39:44","guid":{"rendered":"https:\/\/diarioregionaldigital.com.br\/?p=201414"},"modified":"2022-07-08T19:39:44","modified_gmt":"2022-07-08T22:39:44","slug":"bairro-santa-teresa-recebe-nova-rede-de-agua-a-partir-de-segunda-feira-11","status":"publish","type":"post","link":"https:\/\/diarioregionaldigital.com.br\/?p=201414","title":{"rendered":"Bairro Santa Teresa recebe nova rede de \u00e1gua a partir de segunda-feira, 11"},"content":{"rendered":"<p>Segundo informa\u00e7\u00f5es do site da Prefeitura de Juiz de Fora (PJF), nesta\u00a0segunda-feira, 11, a Prefeitura de Juiz de Fora (PJF) ir\u00e1 iniciar a remodela\u00e7\u00e3o de 486 metros de rede de \u00e1gua na Rua Doutor Edgar Carlos Pereira, no Bairro Santa Teresa. Realizados pela Companhia de Saneamento Municipal (Cesama), os servi\u00e7os acontecer\u00e3o em meia pista, de segunda a sexta-feira, de 7h30 \u00e0s 17h e, neste per\u00edodo, o abastecimento da via ser\u00e1 suspenso para realiza\u00e7\u00e3o das obras.<\/p>\n<p>Ao final de cada dia de trabalho, o tr\u00e2nsito ser\u00e1 liberado e o fornecimento de \u00e1gua restabelecido. A previs\u00e3o \u00e9 de que os servi\u00e7os sejam conclu\u00eddos at\u00e9 a segunda quinzena de agosto pr\u00f3ximo.<\/p>\n<p>A Cesama realiza, continuamente, as remodela\u00e7\u00f5es de redes de \u00e1gua e esgoto, buscando sempre aprimorar o sistema de abastecimento de \u00e1gua e coleta de esgoto da cidade. As a\u00e7\u00f5es seguem uma programa\u00e7\u00e3o de prioridades, quando \u00e9 avaliada a necessidade de troca da tubula\u00e7\u00e3o, levando em conta a antiguidade e o desgaste do material, o fato de o dimensionamento da rede j\u00e1 n\u00e3o ser compat\u00edvel com o n\u00famero de im\u00f3veis atendidos e os transtornos causados aos usu\u00e1rios do sistema, al\u00e9m dos custos de manuten\u00e7\u00e3o.<\/p>\n","protected":false},"excerpt":{"rendered":"<p>Segundo informa\u00e7\u00f5es do site da Prefeitura de Juiz de Fora (PJF), nesta\u00a0segunda-feira, 11, a Prefeitura de Juiz de Fora (PJF) ir\u00e1 iniciar a remodela\u00e7\u00e3o de 486 metros de rede de \u00e1gua na Rua Doutor Edgar Carlos Pereira, no Bairro Santa Teresa. Realizados pela Companhia de Saneamento Municipal (Cesama), os servi\u00e7os acontecer\u00e3o em meia pista, de [&hellip;]<\/p>\n","protected":false},"author":246,"featured_media":201415,"comment_status":"closed","ping_status":"closed","sticky":false,"template":"","format":"standard","meta":{"footnotes":""},"categories":[253,436,439],"tags":[],"class_list":["post-201414","post","type-post","status-publish","format-standard","has-post-thumbnail","hentry","category-cidade","category-destaque-da-semana","category-ultima-hora"],"_links":{"self":[{"href":"https:\/\/diarioregionaldigital.com.br\/index.php?rest_route=\/wp\/v2\/posts\/201414","targetHints":{"allow":["GET"]}}],"collection":[{"href":"https:\/\/diarioregionaldigital.com.br\/index.php?rest_route=\/wp\/v2\/posts"}],"about":[{"href":"https:\/\/diarioregionaldigital.com.br\/index.php?rest_route=\/wp\/v2\/types\/post"}],"author":[{"embeddable":true,"href":"https:\/\/diarioregionaldigital.com.br\/index.php?rest_route=\/wp\/v2\/users\/246"}],"replies":[{"embeddable":true,"href":"https:\/\/diarioregionaldigital.com.br\/index.php?rest_route=%2Fwp%2Fv2%2Fcomments&post=201414"}],"version-history":[{"count":1,"href":"https:\/\/diarioregionaldigital.com.br\/index.php?rest_route=\/wp\/v2\/posts\/201414\/revisions"}],"predecessor-version":[{"id":201416,"href":"https:\/\/diarioregionaldigital.com.br\/index.php?rest_route=\/wp\/v2\/posts\/201414\/revisions\/201416"}],"wp:featuredmedia":[{"embeddable":true,"href":"https:\/\/diarioregionaldigital.com.br\/index.php?rest_route=\/wp\/v2\/media\/201415"}],"wp:attachment":[{"href":"https:\/\/diarioregionaldigital.com.br\/index.php?rest_route=%2Fwp%2Fv2%2Fmedia&parent=201414"}],"wp:term":[{"taxonomy":"category","embeddable":true,"href":"https:\/\/diarioregionaldigital.com.br\/index.php?rest_route=%2Fwp%2Fv2%2Fcategories&post=201414"},{"taxonomy":"post_tag","embeddable":true,"href":"https:\/\/diarioregionaldigital.com.br\/index.php?rest_route=%2Fwp%2Fv2%2Ftags&post=201414"}],"curies":[{"name":"wp","href":"https:\/\/api.w.org\/{rel}","templated":true}]}}