{"id":201410,"date":"2022-07-08T19:34:14","date_gmt":"2022-07-08T22:34:14","guid":{"rendered":"https:\/\/diarioregionaldigital.com.br\/?p=201410"},"modified":"2022-07-08T19:34:38","modified_gmt":"2022-07-08T22:34:38","slug":"pjf-divulga-resultado-do-edital-caminhos-das-artes-urbanas","status":"publish","type":"post","link":"https:\/\/diarioregionaldigital.com.br\/?p=201410","title":{"rendered":"PJF divulga resultado do edital &#8220;Caminhos das Artes Urbanas&#8221;"},"content":{"rendered":"<p>Segundo informa\u00e7\u00f5es do site da Prefeitura de Juiz de Fora (PJF), por meio do Programa Boniteza, foi divulgado pela PJF nesta sexta-feira, 8, o resultado final do edital &#8220;Caminhos das Artes Urbanas (CAUR)&#8221;, que ir\u00e1 promover projetos art\u00edsticos em 52 pontos de \u00f4nibus da cidade. Foram selecionadas as propostas dos seguintes coletivos art\u00edsticos: &#8220;Alcateia Urbana&#8221;, &#8220;Caminho Est\u00fadio Criativo&#8221;, &#8220;Graffiteiras da Mata&#8221; e &#8220;Underground Graffiti Crew&#8221;. Os grupos de artistas contemplados devem realizar as interven\u00e7\u00f5es art\u00edsticas nos pontos de \u00f4nibus at\u00e9 o dia 10 de agosto.<\/p>\n<p>O edital foi lan\u00e7ado pela Secretaria de Sustentabilidade em Meio Ambiente e Atividades Urbanas (Sesmaur) no dia 10 de junho como parte da programa\u00e7\u00e3o da Semana do Meio Ambiente. Os trabalhos que ser\u00e3o realizados pelos artistas nos pontos de \u00f4nibus dever\u00e3o ser in\u00e9ditos e autorais, al\u00e9m de fazerem refer\u00eancia ao reflorescer p\u00f3s-pand\u00eamico, com imagens positivas, diversidade de cores e com tra\u00e7os que contemplem a vida, a natureza e o meio ambiente.<\/p>\n<p><a href=\"https:\/\/drive.google.com\/file\/d\/17v6uG78rkzWI1efB0ojkyeKqssf89YrT\/view?usp=sharing\"><strong>Clique aqui<\/strong><\/a>\u00a0para acessar o resultado do edital.<\/p>\n","protected":false},"excerpt":{"rendered":"<p>Segundo informa\u00e7\u00f5es do site da Prefeitura de Juiz de Fora (PJF), por meio do Programa Boniteza, foi divulgado pela PJF nesta sexta-feira, 8, o resultado final do edital &#8220;Caminhos das Artes Urbanas (CAUR)&#8221;, que ir\u00e1 promover projetos art\u00edsticos em 52 pontos de \u00f4nibus da cidade. Foram selecionadas as propostas dos seguintes coletivos art\u00edsticos: &#8220;Alcateia Urbana&#8221;, [&hellip;]<\/p>\n","protected":false},"author":246,"featured_media":201411,"comment_status":"closed","ping_status":"closed","sticky":false,"template":"","format":"standard","meta":{"footnotes":""},"categories":[253,436,440,439],"tags":[],"class_list":["post-201410","post","type-post","status-publish","format-standard","has-post-thumbnail","hentry","category-cidade","category-destaque-da-semana","category-destaques-do-dia","category-ultima-hora"],"_links":{"self":[{"href":"https:\/\/diarioregionaldigital.com.br\/index.php?rest_route=\/wp\/v2\/posts\/201410","targetHints":{"allow":["GET"]}}],"collection":[{"href":"https:\/\/diarioregionaldigital.com.br\/index.php?rest_route=\/wp\/v2\/posts"}],"about":[{"href":"https:\/\/diarioregionaldigital.com.br\/index.php?rest_route=\/wp\/v2\/types\/post"}],"author":[{"embeddable":true,"href":"https:\/\/diarioregionaldigital.com.br\/index.php?rest_route=\/wp\/v2\/users\/246"}],"replies":[{"embeddable":true,"href":"https:\/\/diarioregionaldigital.com.br\/index.php?rest_route=%2Fwp%2Fv2%2Fcomments&post=201410"}],"version-history":[{"count":2,"href":"https:\/\/diarioregionaldigital.com.br\/index.php?rest_route=\/wp\/v2\/posts\/201410\/revisions"}],"predecessor-version":[{"id":201413,"href":"https:\/\/diarioregionaldigital.com.br\/index.php?rest_route=\/wp\/v2\/posts\/201410\/revisions\/201413"}],"wp:featuredmedia":[{"embeddable":true,"href":"https:\/\/diarioregionaldigital.com.br\/index.php?rest_route=\/wp\/v2\/media\/201411"}],"wp:attachment":[{"href":"https:\/\/diarioregionaldigital.com.br\/index.php?rest_route=%2Fwp%2Fv2%2Fmedia&parent=201410"}],"wp:term":[{"taxonomy":"category","embeddable":true,"href":"https:\/\/diarioregionaldigital.com.br\/index.php?rest_route=%2Fwp%2Fv2%2Fcategories&post=201410"},{"taxonomy":"post_tag","embeddable":true,"href":"https:\/\/diarioregionaldigital.com.br\/index.php?rest_route=%2Fwp%2Fv2%2Ftags&post=201410"}],"curies":[{"name":"wp","href":"https:\/\/api.w.org\/{rel}","templated":true}]}}