{"id":201402,"date":"2022-07-08T19:25:08","date_gmt":"2022-07-08T22:25:08","guid":{"rendered":"https:\/\/diarioregionaldigital.com.br\/?p=201402"},"modified":"2022-07-08T19:25:08","modified_gmt":"2022-07-08T22:25:08","slug":"conjunto-brasileiro-inicia-pan-de-ginastica-ritmica-na-lideranca","status":"publish","type":"post","link":"https:\/\/diarioregionaldigital.com.br\/?p=201402","title":{"rendered":"Conjunto brasileiro inicia Pan de Gin\u00e1stica R\u00edtmica na lideran\u00e7a"},"content":{"rendered":"<p>O conjunto brasileiro de Gin\u00e1stica R\u00edtmica iniciou o Campeonato Pan-Americano da modalidade garantindo o primeiro lugar da fase classificat\u00f3ria, nesta quinta-feira (7) na Arena Carioca 1, no Rio de Janeiro.<img decoding=\"async\" src=\"https:\/\/agenciabrasil.ebc.com.br\/ebc.png?id=1469871&amp;o=node\" \/><img decoding=\"async\" src=\"https:\/\/agenciabrasil.ebc.com.br\/ebc.gif?id=1469871&amp;o=node\" \/><\/p>\n<p>A equipe formada por Maria Eduarda Arakaki, Deborah Medrado, Giovanna Silva, Nicole Pircio, B\u00e1rbara Galv\u00e3o e Gabrielle Moraes brilhou na disputa da s\u00e9rie de cinco arcos, obtendo 33.150 pontos, nota que seria suficiente para obter a medalha de prata na etapa de Pesaro (It\u00e1lia) da Copa do Mundo.<\/p>\n<p>\u201cFizemos nossa coreografia, sabemos que temos pontos a melhorar e vamos melhorar para a final, tirar uma nota maior ainda. Agora \u00e9 foco no misto. Ainda tem a apresenta\u00e7\u00e3o de fita e bola, que vai decidir o geral, e a gente est\u00e1 focada nisso agora\u201d, declarou Deborah Medrado.<\/p>\n<p>No individual, o destaque foi a sergipana Maria Fl\u00e1via Britto, de apenas 16 anos, que obteve a quinta melhor nota tanto no arco (28.450) como na bola (29.050). Por\u00e9m, esses resultados n\u00e3o contar\u00e3o para o individual geral, porque a jovem atleta n\u00e3o foi inscrita nos outros dois aparelhos, ma\u00e7as e fita, para que outra jovem atleta, Mariana Vit\u00f3ria, tivesse a oportunidade de competir.<\/p>\n<p>J\u00e1 a capixaba Geovanna Santos ficou na 5\u00aa posi\u00e7\u00e3o geral ap\u00f3s conseguir a 11\u00aa posi\u00e7\u00e3o na s\u00e9rie de arco e a 1\u00aa posi\u00e7\u00e3o na bola. \u201cA minha s\u00e9rie de arco teve algumas imprecis\u00f5es, mas a gente sabe que erros acontecem. Temos que levantar a cabe\u00e7a para o aparelho seguinte, para o dia seguinte. Na bola consegui tirar uma nota muito boa. Fiz a minha s\u00e9rie, fui feliz dentro de quadra e isso \u00e9 o que mais importa, sair satisfeita com o meu trabalho, com o trabalho da minha treinadora, que me acompanha todos os dias na minha luta, nesses meus desafios. Nosso objetivo \u00e9 chegar \u00e0 Olimp\u00edada de 2024\u201d, declarou.<\/p>\n<p><span style=\"font-weight: 400;\"><br \/>\n<\/span><span style=\"font-weight: 400;\">Fonte: Ag\u00eancia Brasil <\/span><\/p>\n","protected":false},"excerpt":{"rendered":"<p>O conjunto brasileiro de Gin\u00e1stica R\u00edtmica iniciou o Campeonato Pan-Americano da modalidade garantindo o primeiro lugar da fase classificat\u00f3ria, nesta quinta-feira (7) na Arena Carioca 1, no Rio de Janeiro. A equipe formada por Maria Eduarda Arakaki, Deborah Medrado, Giovanna Silva, Nicole Pircio, B\u00e1rbara Galv\u00e3o e Gabrielle Moraes brilhou na disputa da s\u00e9rie de cinco [&hellip;]<\/p>\n","protected":false},"author":246,"featured_media":201403,"comment_status":"closed","ping_status":"closed","sticky":false,"template":"","format":"standard","meta":{"footnotes":""},"categories":[436,257,439],"tags":[],"class_list":["post-201402","post","type-post","status-publish","format-standard","has-post-thumbnail","hentry","category-destaque-da-semana","category-esporte","category-ultima-hora"],"_links":{"self":[{"href":"https:\/\/diarioregionaldigital.com.br\/index.php?rest_route=\/wp\/v2\/posts\/201402","targetHints":{"allow":["GET"]}}],"collection":[{"href":"https:\/\/diarioregionaldigital.com.br\/index.php?rest_route=\/wp\/v2\/posts"}],"about":[{"href":"https:\/\/diarioregionaldigital.com.br\/index.php?rest_route=\/wp\/v2\/types\/post"}],"author":[{"embeddable":true,"href":"https:\/\/diarioregionaldigital.com.br\/index.php?rest_route=\/wp\/v2\/users\/246"}],"replies":[{"embeddable":true,"href":"https:\/\/diarioregionaldigital.com.br\/index.php?rest_route=%2Fwp%2Fv2%2Fcomments&post=201402"}],"version-history":[{"count":2,"href":"https:\/\/diarioregionaldigital.com.br\/index.php?rest_route=\/wp\/v2\/posts\/201402\/revisions"}],"predecessor-version":[{"id":201405,"href":"https:\/\/diarioregionaldigital.com.br\/index.php?rest_route=\/wp\/v2\/posts\/201402\/revisions\/201405"}],"wp:featuredmedia":[{"embeddable":true,"href":"https:\/\/diarioregionaldigital.com.br\/index.php?rest_route=\/wp\/v2\/media\/201403"}],"wp:attachment":[{"href":"https:\/\/diarioregionaldigital.com.br\/index.php?rest_route=%2Fwp%2Fv2%2Fmedia&parent=201402"}],"wp:term":[{"taxonomy":"category","embeddable":true,"href":"https:\/\/diarioregionaldigital.com.br\/index.php?rest_route=%2Fwp%2Fv2%2Fcategories&post=201402"},{"taxonomy":"post_tag","embeddable":true,"href":"https:\/\/diarioregionaldigital.com.br\/index.php?rest_route=%2Fwp%2Fv2%2Ftags&post=201402"}],"curies":[{"name":"wp","href":"https:\/\/api.w.org\/{rel}","templated":true}]}}