{"id":201399,"date":"2022-07-08T19:20:41","date_gmt":"2022-07-08T22:20:41","guid":{"rendered":"https:\/\/diarioregionaldigital.com.br\/?p=201399"},"modified":"2022-07-08T19:20:41","modified_gmt":"2022-07-08T22:20:41","slug":"volei-do-brasil-perde-da-franca-na-liga-das-nacoes","status":"publish","type":"post","link":"https:\/\/diarioregionaldigital.com.br\/?p=201399","title":{"rendered":"V\u00f4lei do Brasil perde da Fran\u00e7a na Liga das Na\u00e7\u00f5es"},"content":{"rendered":"<p>A sequ\u00eancia de cinco vit\u00f3rias consecutivas da Sele\u00e7\u00e3o Brasileira masculina de v\u00f4lei na Liga das Na\u00e7\u00f5es chegou ao fim hoje (8). Na terceira e \u00faltima semana da primeira fase, com jogos em Osaka, Jap\u00e3o, o Brasil foi derrotado pela Fran\u00e7a, atual campe\u00e3 ol\u00edmpica, por tr\u00eas sets a zero (21\/25, 22\/25 e 21\/25). O oposto franc\u00eas Jean Patry, com 19 pontos, foi o destaque da partida.<img decoding=\"async\" src=\"https:\/\/agenciabrasil.ebc.com.br\/ebc.png?id=1469902&amp;o=node\" \/><img decoding=\"async\" src=\"https:\/\/agenciabrasil.ebc.com.br\/ebc.gif?id=1469902&amp;o=node\" \/><\/p>\n<p>Os brasileiros aparecem em sexto lugar na classifica\u00e7\u00e3o, com 21 pontos e sete vit\u00f3rias\u00a0ap\u00f3s 11 jogos. A sele\u00e7\u00e3o &#8211; comandada por Renan dal Zotto &#8211; est\u00e1 garantida por antecipa\u00e7\u00e3o no mata-mata e volta \u00e0 quadra\u00a0no domingo (10), \u00e0s 7h10 (hor\u00e1rio de Bras\u00edlia), para encarar o Jap\u00e3o, quinto colocado, pela \u00faltima rodada. Uma vit\u00f3ria diante dos anfitri\u00f5es pode tirar o Brasil do caminho de rivais como Pol\u00f4nia, It\u00e1lia, Estados Unidos e a pr\u00f3pria Fran\u00e7a nas quartas de final.<\/p>\n<h2>Mudan\u00e7as<\/h2>\n<p>Em rela\u00e7\u00e3o \u00e0 equipe normalmente titular, o treinador promoveu duas mudan\u00e7as, com o levantador Cachopa e o ponteiro Adriano nos lugares de Bruninho e Lucarelli, respectivamente. Durante o jogo, Renan fez outras trocas, com as entradas dos ponteiros Rodriguinho e Honorato, do central Leandro, do l\u00edbero Maique e do pr\u00f3prio Bruninho. O destaque brasileiro foi o oposto Darlan, com nove pontos.<\/p>\n<p>&#8220;Tivemos a oportunidade de dar mais rodagem a alguns atletas e um descanso a outros. Essa mescla \u00e9 importante e faz parte do processo de crescimento dos mais novos. O jogo desta sexta-feira foi uma oportunidade de promover essas mudan\u00e7as. Foi importante para ver a evolu\u00e7\u00e3o dos mais jovens, que est\u00e3o ganhando confian\u00e7a e ficando mais \u00e0 vontade em quadra&#8221;,\u00a0analisou\u00a0Renan, ao site da Confedera\u00e7\u00e3o Brasileira de Voleibol (CBV).<\/p>\n<p>A fase final da Liga das Na\u00e7\u00f5es masculina ser\u00e1 disputada entre os dias 20 e 23 deste m\u00eas, em Bolonha, na It\u00e1lia, reunindo os oito melhores times da etapa inicial da competi\u00e7\u00e3o. O Brasil \u00e9 o atual campe\u00e3o do torneio.<\/p>\n<p><span style=\"font-weight: 400;\">Fonte: Ag\u00eancia Brasil <\/span><\/p>\n","protected":false},"excerpt":{"rendered":"<p>A sequ\u00eancia de cinco vit\u00f3rias consecutivas da Sele\u00e7\u00e3o Brasileira masculina de v\u00f4lei na Liga das Na\u00e7\u00f5es chegou ao fim hoje (8). Na terceira e \u00faltima semana da primeira fase, com jogos em Osaka, Jap\u00e3o, o Brasil foi derrotado pela Fran\u00e7a, atual campe\u00e3 ol\u00edmpica, por tr\u00eas sets a zero (21\/25, 22\/25 e 21\/25). O oposto franc\u00eas [&hellip;]<\/p>\n","protected":false},"author":246,"featured_media":201400,"comment_status":"closed","ping_status":"closed","sticky":false,"template":"","format":"standard","meta":{"footnotes":""},"categories":[436,257,439],"tags":[],"class_list":["post-201399","post","type-post","status-publish","format-standard","has-post-thumbnail","hentry","category-destaque-da-semana","category-esporte","category-ultima-hora"],"_links":{"self":[{"href":"https:\/\/diarioregionaldigital.com.br\/index.php?rest_route=\/wp\/v2\/posts\/201399","targetHints":{"allow":["GET"]}}],"collection":[{"href":"https:\/\/diarioregionaldigital.com.br\/index.php?rest_route=\/wp\/v2\/posts"}],"about":[{"href":"https:\/\/diarioregionaldigital.com.br\/index.php?rest_route=\/wp\/v2\/types\/post"}],"author":[{"embeddable":true,"href":"https:\/\/diarioregionaldigital.com.br\/index.php?rest_route=\/wp\/v2\/users\/246"}],"replies":[{"embeddable":true,"href":"https:\/\/diarioregionaldigital.com.br\/index.php?rest_route=%2Fwp%2Fv2%2Fcomments&post=201399"}],"version-history":[{"count":1,"href":"https:\/\/diarioregionaldigital.com.br\/index.php?rest_route=\/wp\/v2\/posts\/201399\/revisions"}],"predecessor-version":[{"id":201401,"href":"https:\/\/diarioregionaldigital.com.br\/index.php?rest_route=\/wp\/v2\/posts\/201399\/revisions\/201401"}],"wp:featuredmedia":[{"embeddable":true,"href":"https:\/\/diarioregionaldigital.com.br\/index.php?rest_route=\/wp\/v2\/media\/201400"}],"wp:attachment":[{"href":"https:\/\/diarioregionaldigital.com.br\/index.php?rest_route=%2Fwp%2Fv2%2Fmedia&parent=201399"}],"wp:term":[{"taxonomy":"category","embeddable":true,"href":"https:\/\/diarioregionaldigital.com.br\/index.php?rest_route=%2Fwp%2Fv2%2Fcategories&post=201399"},{"taxonomy":"post_tag","embeddable":true,"href":"https:\/\/diarioregionaldigital.com.br\/index.php?rest_route=%2Fwp%2Fv2%2Ftags&post=201399"}],"curies":[{"name":"wp","href":"https:\/\/api.w.org\/{rel}","templated":true}]}}