{"id":201396,"date":"2022-07-08T19:17:54","date_gmt":"2022-07-08T22:17:54","guid":{"rendered":"https:\/\/diarioregionaldigital.com.br\/?p=201396"},"modified":"2022-07-08T19:17:54","modified_gmt":"2022-07-08T22:17:54","slug":"conmebol-divulga-datas-e-horarios-das-quartas-da-libertadores","status":"publish","type":"post","link":"https:\/\/diarioregionaldigital.com.br\/?p=201396","title":{"rendered":"Conmebol divulga datas e hor\u00e1rios das quartas da Libertadores"},"content":{"rendered":"<p>A Confedera\u00e7\u00e3o Sul-Americana de Futebol (Conmebol) divulgou na tarde desta sexta-feira (8) as datas e hor\u00e1rios das partidas das quartas de final da Copa Libertadores, fase na qual o Brasil conta com cinco representantes e a Argentina tr\u00eas.<img decoding=\"async\" src=\"https:\/\/agenciabrasil.ebc.com.br\/ebc.png?id=1470034&amp;o=node\" \/><img decoding=\"async\" src=\"https:\/\/agenciabrasil.ebc.com.br\/ebc.gif?id=1470034&amp;o=node\" \/><\/p>\n<p>O primeiro confronto ser\u00e1 entre Corinthians e Flamengo, no dia 2 de agosto (a partir das 21h30 de Bras\u00edlia), uma ter\u00e7a-feira, na arena da equipe paulista. Uma semana depois as equipes se reencontram no Maracan\u00e3 no mesmo hor\u00e1rio.<\/p>\n<p>No dia 3 de agosto, uma quarta, ser\u00e3o disputadas duas partidas: entre Atl\u00e9tico-MG e Palmeiras, no Mineir\u00e3o, e V\u00e9lez Sarsfield (Argentina) e Talleres (Argentina). As duas partidas come\u00e7am \u00e0s 21h30. Uma semana depois, no mesmo hor\u00e1rio, as equipes entram em campo para a volta, com o confronto brasileiro tendo como sede o Allianz Parque.<\/p>\n<p>O \u00fanico confronto entre brasileiros e argentinos ter\u00e1 o primeiro cap\u00edtulo no dia 4 de agosto, uma quinta, na Arena da Baixada, onde o Athletico-PR recebe o Estudiantes (Argentina) a partir das 21h30. Uma semana depois o Furac\u00e3o visita os Hermanos em La Plata para a partida de volta, que tamb\u00e9m inicia \u00e0s 21h30.<\/p>\n<p><span style=\"font-weight: 400;\">Fonte: Ag\u00eancia Brasil <\/span><\/p>\n","protected":false},"excerpt":{"rendered":"<p>A Confedera\u00e7\u00e3o Sul-Americana de Futebol (Conmebol) divulgou na tarde desta sexta-feira (8) as datas e hor\u00e1rios das partidas das quartas de final da Copa Libertadores, fase na qual o Brasil conta com cinco representantes e a Argentina tr\u00eas. O primeiro confronto ser\u00e1 entre Corinthians e Flamengo, no dia 2 de agosto (a partir das 21h30 [&hellip;]<\/p>\n","protected":false},"author":246,"featured_media":201397,"comment_status":"closed","ping_status":"closed","sticky":false,"template":"","format":"standard","meta":{"footnotes":""},"categories":[436,440,257,439],"tags":[],"class_list":["post-201396","post","type-post","status-publish","format-standard","has-post-thumbnail","hentry","category-destaque-da-semana","category-destaques-do-dia","category-esporte","category-ultima-hora"],"_links":{"self":[{"href":"https:\/\/diarioregionaldigital.com.br\/index.php?rest_route=\/wp\/v2\/posts\/201396","targetHints":{"allow":["GET"]}}],"collection":[{"href":"https:\/\/diarioregionaldigital.com.br\/index.php?rest_route=\/wp\/v2\/posts"}],"about":[{"href":"https:\/\/diarioregionaldigital.com.br\/index.php?rest_route=\/wp\/v2\/types\/post"}],"author":[{"embeddable":true,"href":"https:\/\/diarioregionaldigital.com.br\/index.php?rest_route=\/wp\/v2\/users\/246"}],"replies":[{"embeddable":true,"href":"https:\/\/diarioregionaldigital.com.br\/index.php?rest_route=%2Fwp%2Fv2%2Fcomments&post=201396"}],"version-history":[{"count":1,"href":"https:\/\/diarioregionaldigital.com.br\/index.php?rest_route=\/wp\/v2\/posts\/201396\/revisions"}],"predecessor-version":[{"id":201398,"href":"https:\/\/diarioregionaldigital.com.br\/index.php?rest_route=\/wp\/v2\/posts\/201396\/revisions\/201398"}],"wp:featuredmedia":[{"embeddable":true,"href":"https:\/\/diarioregionaldigital.com.br\/index.php?rest_route=\/wp\/v2\/media\/201397"}],"wp:attachment":[{"href":"https:\/\/diarioregionaldigital.com.br\/index.php?rest_route=%2Fwp%2Fv2%2Fmedia&parent=201396"}],"wp:term":[{"taxonomy":"category","embeddable":true,"href":"https:\/\/diarioregionaldigital.com.br\/index.php?rest_route=%2Fwp%2Fv2%2Fcategories&post=201396"},{"taxonomy":"post_tag","embeddable":true,"href":"https:\/\/diarioregionaldigital.com.br\/index.php?rest_route=%2Fwp%2Fv2%2Ftags&post=201396"}],"curies":[{"name":"wp","href":"https:\/\/api.w.org\/{rel}","templated":true}]}}