{"id":201393,"date":"2022-07-08T19:13:50","date_gmt":"2022-07-08T22:13:50","guid":{"rendered":"https:\/\/diarioregionaldigital.com.br\/?p=201393"},"modified":"2022-07-08T19:13:50","modified_gmt":"2022-07-08T22:13:50","slug":"indicacoes-de-emendas-de-relator-chegam-a-r-123-bilhoes","status":"publish","type":"post","link":"https:\/\/diarioregionaldigital.com.br\/?p=201393","title":{"rendered":"Indica\u00e7\u00f5es de emendas de relator chegam a R$ 12,3 bilh\u00f5es"},"content":{"rendered":"<p>A Comiss\u00e3o Mista de Or\u00e7amento <a href=\"https:\/\/www2.camara.leg.br\/atividade-legislativa\/comissoes\/comissoes-mistas\/cmo\/Indicacoes-para-execucao-orcamentaria-em-RP9_LOA-2022\" target=\"_blank\" rel=\"noopener noreferrer\">divulgou a rela\u00e7\u00e3o<\/a> de R$ 12,3 bilh\u00f5es de emendas de relator deste ano, conhecidas como RP 9, que foram indicadas para execu\u00e7\u00e3o pelo deputado <a href=\"https:\/\/www.camara.leg.br\/deputados\/141450\">Hugo Leal (PSD-RJ)<\/a> at\u00e9 segunda-feira (4). Por causa das restri\u00e7\u00f5es da legisla\u00e7\u00e3o eleitoral, outras transfer\u00eancias s\u00f3 poder\u00e3o ser pagas depois das elei\u00e7\u00f5es de outubro. Ainda h\u00e1 um saldo de quase R$ 4,2 bilh\u00f5es para indica\u00e7\u00f5es de emendas de relator.<\/p>\n<p>Segundo dados do Sistema Integrado de Administra\u00e7\u00e3o Financeira do Governo Federal (Siafi), dos R$ 16,5 bilh\u00f5es de emendas de relator deste ano, R$ 7,7 bilh\u00f5es j\u00e1 foram empenhados; R$ 6,7 bilh\u00f5es foram pagos; e R$ 1,7 bilh\u00e3o est\u00e1 bloqueado.<\/p>\n<p><strong>Indica\u00e7\u00f5es<\/strong><br \/>\nNo total, at\u00e9 o momento, s\u00e3o 16.636 indica\u00e7\u00f5es para despesas em oito minist\u00e9rios e 34 a\u00e7\u00f5es. Desses pedidos, 11.026 foram feitos por 381 deputados, com R$ 5,7 bilh\u00f5es. Outras 2.404 indica\u00e7\u00f5es t\u00eam como origem demandas de 48 senadores, com R$ 2,6 bilh\u00f5es.<\/p>\n<p>Ainda h\u00e1 3.207 indica\u00e7\u00f5es de 1.716 usu\u00e1rios externos, que em grande parte s\u00e3o prefeitos. Esses pedidos somam quase R$ 4 bilh\u00f5es.<\/p>\n<p>No total, as emendas de relator atendem 8.433 benefici\u00e1rios diferentes, que podem ser prefeituras, governos estaduais ou mesmo entidades privadas sem fins lucrativos. A grande parte dos recursos, ou R$ 10,6 bilh\u00f5es, vai para transfer\u00eancias a munic\u00edpios.<\/p>\n<p>Confira a seguir a distribui\u00e7\u00e3o do dinheiro das emendas de relator.<\/p>\n<p>&nbsp;<\/p>\n<p><iframe id=\"iFrameResizer0\" class=\"infografico-container\" src=\"https:\/\/www.camara.leg.br\/internet\/agencia\/infograficos-html5\/tabelas-emendas\/indicacao-emendas-relator2.html\" frameborder=\"0\" scrolling=\"no\" data-mce-fragment=\"1\"><\/iframe><\/p>\n<p>Fonte: Ag\u00eancia C\u00e2mara de Not\u00edcias<\/p>\n","protected":false},"excerpt":{"rendered":"<p>A Comiss\u00e3o Mista de Or\u00e7amento divulgou a rela\u00e7\u00e3o de R$ 12,3 bilh\u00f5es de emendas de relator deste ano, conhecidas como RP 9, que foram indicadas para execu\u00e7\u00e3o pelo deputado Hugo Leal (PSD-RJ) at\u00e9 segunda-feira (4). Por causa das restri\u00e7\u00f5es da legisla\u00e7\u00e3o eleitoral, outras transfer\u00eancias s\u00f3 poder\u00e3o ser pagas depois das elei\u00e7\u00f5es de outubro. Ainda h\u00e1 [&hellip;]<\/p>\n","protected":false},"author":246,"featured_media":201394,"comment_status":"closed","ping_status":"closed","sticky":false,"template":"","format":"standard","meta":{"footnotes":""},"categories":[436,254,439],"tags":[],"class_list":["post-201393","post","type-post","status-publish","format-standard","has-post-thumbnail","hentry","category-destaque-da-semana","category-politica","category-ultima-hora"],"_links":{"self":[{"href":"https:\/\/diarioregionaldigital.com.br\/index.php?rest_route=\/wp\/v2\/posts\/201393","targetHints":{"allow":["GET"]}}],"collection":[{"href":"https:\/\/diarioregionaldigital.com.br\/index.php?rest_route=\/wp\/v2\/posts"}],"about":[{"href":"https:\/\/diarioregionaldigital.com.br\/index.php?rest_route=\/wp\/v2\/types\/post"}],"author":[{"embeddable":true,"href":"https:\/\/diarioregionaldigital.com.br\/index.php?rest_route=\/wp\/v2\/users\/246"}],"replies":[{"embeddable":true,"href":"https:\/\/diarioregionaldigital.com.br\/index.php?rest_route=%2Fwp%2Fv2%2Fcomments&post=201393"}],"version-history":[{"count":1,"href":"https:\/\/diarioregionaldigital.com.br\/index.php?rest_route=\/wp\/v2\/posts\/201393\/revisions"}],"predecessor-version":[{"id":201395,"href":"https:\/\/diarioregionaldigital.com.br\/index.php?rest_route=\/wp\/v2\/posts\/201393\/revisions\/201395"}],"wp:featuredmedia":[{"embeddable":true,"href":"https:\/\/diarioregionaldigital.com.br\/index.php?rest_route=\/wp\/v2\/media\/201394"}],"wp:attachment":[{"href":"https:\/\/diarioregionaldigital.com.br\/index.php?rest_route=%2Fwp%2Fv2%2Fmedia&parent=201393"}],"wp:term":[{"taxonomy":"category","embeddable":true,"href":"https:\/\/diarioregionaldigital.com.br\/index.php?rest_route=%2Fwp%2Fv2%2Fcategories&post=201393"},{"taxonomy":"post_tag","embeddable":true,"href":"https:\/\/diarioregionaldigital.com.br\/index.php?rest_route=%2Fwp%2Fv2%2Ftags&post=201393"}],"curies":[{"name":"wp","href":"https:\/\/api.w.org\/{rel}","templated":true}]}}