{"id":201387,"date":"2022-07-08T18:58:30","date_gmt":"2022-07-08T21:58:30","guid":{"rendered":"https:\/\/diarioregionaldigital.com.br\/?p=201387"},"modified":"2022-07-08T18:58:30","modified_gmt":"2022-07-08T21:58:30","slug":"presidente-lamenta-assassinato-de-ex-premie-japones","status":"publish","type":"post","link":"https:\/\/diarioregionaldigital.com.br\/?p=201387","title":{"rendered":"Presidente lamenta assassinato de ex-premi\u00ea japon\u00eas"},"content":{"rendered":"<p>O presidente Jair Bolsonaro publicou, h\u00e1 pouco, em sua conta no Twitter, uma nota na qual lamenta a\u00a0<a href=\"https:\/\/agenciabrasil.ebc.com.br\/internacional\/noticia\/2022-07\/ataque-em-comicio-mata-ex-primeiro-ministro-japones-shinzo-abe\" target=\"_blank\" rel=\"noopener\">morte do ex-primeiro-ministro japon\u00eas Shinzo Abe<\/a>. A morte do ex-premi\u00ea ocorreu ap\u00f3s ele ter sido baleado hoje (8) durante com\u00edcio na cidade de Nara, perto de Quioto.<img decoding=\"async\" src=\"https:\/\/agenciabrasil.ebc.com.br\/ebc.png?id=1469926&amp;o=node\" \/><img decoding=\"async\" src=\"https:\/\/agenciabrasil.ebc.com.br\/ebc.gif?id=1469926&amp;o=node\" \/><\/p>\n<p>O com\u00edcio ocorria antes das elei\u00e7\u00f5es para o Senado japon\u00eas, marcadas para domingo (10). Abe discursava em apoio a Kei Sato, um membro da C\u00e2mara Alta do Parlamento que concorre \u00e0 reelei\u00e7\u00e3o como representante da cidade de Nara. A pol\u00edcia japonesa deteve um suspeito do ataque, Tetsuya Yamagami.<\/p>\n<p>&#8220;Recebo com extrema indigna\u00e7\u00e3o e pesar a not\u00edcia da morte de @AbeShinzo, l\u00edder brilhante e que foi um grande amigo do Brasil. Estendo \u00e0 fam\u00edlia de Abe, bem como aos nossos irm\u00e3os japoneses, a minha solidariedade e o desejo de que Deus cuide de suas almas neste momento de dor&#8221;, disse Bolsonaro na rede social.<\/p>\n<p>O presidente brasileiro anunciou, em uma outra postagem, ter decretado luto oficial no pa\u00eds, em reconhecimento \u00e0 boa rela\u00e7\u00e3o entre o pol\u00edtico japon\u00eas e o Brasil.<\/p>\n<p>&#8220;Como sinal de nosso respeito ao povo japon\u00eas, de reconhecimento pela amizade de Shinzo Abe com Brasil e de solidariedade diante de uma crueldade injustific\u00e1vel, decretei luto oficial em todo o pa\u00eds durante 3 dias. Que seu assassinato seja punido com rigor. Estamos com o Jap\u00e3o&#8221;, twitou o presidente brasileiro.<\/p>\n<p>Shinzo Abe, de 67 anos de idade, foi primeiro-ministro do Jap\u00e3o de 2006 a 2007 e, mais tarde, de 2012 a 2020. Foi o l\u00edder japon\u00eas com maior longevidade no cargo.<\/p>\n<h2>Itamaraty<\/h2>\n<p>Em nota, o Minist\u00e9rio das Rela\u00e7\u00f5es Exteriores informou que recebeu\u00a0com tristeza e consterna\u00e7\u00e3o\u00a0a not\u00edcia do falecimento do ex-primeiro-ministro do Jap\u00e3o.<\/p>\n<p>&#8220;O Brasil condena, nos mais fortes termos, o ataque covarde ao ex-primeiro-ministro e soma-se ao governo e ao povo do Jap\u00e3o no rep\u00fadio a todo tipo de viol\u00eancia pol\u00edtica, que atenta contra nossos valores compartilhados de defesa da democracia e da paz.&#8221;<\/p>\n<p>A pasta destacou que\u00a0Abe trabalhou de maneira incans\u00e1vel pelo aprofundamento da amizade entre Brasil e Jap\u00e3o.<\/p>\n<p>&#8220;Durante seu governo, as rela\u00e7\u00f5es bilaterais elevaram-se para o patamar de parceria estrat\u00e9gica e global, revelando o reconhecimento da import\u00e2ncia do relacionamento em todos os seus aspectos: pol\u00edtico, econ\u00f4mico, humano. Abe sempre cultivou interlocu\u00e7\u00e3o com o Brasil no mais alto n\u00edvel\u00a0e sua presen\u00e7a na cerim\u00f4nia de encerramento dos Jogos Ol\u00edmpicos Rio 2016 simbolizou o afeto entre os dois pa\u00edses.&#8221;<\/p>\n<h2>Toque de sil\u00eancio<\/h2>\n<p>Em evento realizado nesta sexta-feira, para entrega de espadins aos cadetes da For\u00e7a A\u00e9rea Brasileira (FAB), em Pirassununga (SP), o presidente Jair Bolsonaro pediu toque de sil\u00eancio em homenagem ao ex-primeiro ministro japon\u00eas Shinzo Abe.<\/p>\n<p><span style=\"font-weight: 400;\">Fonte: Ag\u00eancia Brasil <\/span><\/p>\n","protected":false},"excerpt":{"rendered":"<p>O presidente Jair Bolsonaro publicou, h\u00e1 pouco, em sua conta no Twitter, uma nota na qual lamenta a\u00a0morte do ex-primeiro-ministro japon\u00eas Shinzo Abe. A morte do ex-premi\u00ea ocorreu ap\u00f3s ele ter sido baleado hoje (8) durante com\u00edcio na cidade de Nara, perto de Quioto. O com\u00edcio ocorria antes das elei\u00e7\u00f5es para o Senado japon\u00eas, marcadas [&hellip;]<\/p>\n","protected":false},"author":246,"featured_media":201388,"comment_status":"closed","ping_status":"closed","sticky":false,"template":"","format":"standard","meta":{"footnotes":""},"categories":[436,254,439],"tags":[],"class_list":["post-201387","post","type-post","status-publish","format-standard","has-post-thumbnail","hentry","category-destaque-da-semana","category-politica","category-ultima-hora"],"_links":{"self":[{"href":"https:\/\/diarioregionaldigital.com.br\/index.php?rest_route=\/wp\/v2\/posts\/201387","targetHints":{"allow":["GET"]}}],"collection":[{"href":"https:\/\/diarioregionaldigital.com.br\/index.php?rest_route=\/wp\/v2\/posts"}],"about":[{"href":"https:\/\/diarioregionaldigital.com.br\/index.php?rest_route=\/wp\/v2\/types\/post"}],"author":[{"embeddable":true,"href":"https:\/\/diarioregionaldigital.com.br\/index.php?rest_route=\/wp\/v2\/users\/246"}],"replies":[{"embeddable":true,"href":"https:\/\/diarioregionaldigital.com.br\/index.php?rest_route=%2Fwp%2Fv2%2Fcomments&post=201387"}],"version-history":[{"count":1,"href":"https:\/\/diarioregionaldigital.com.br\/index.php?rest_route=\/wp\/v2\/posts\/201387\/revisions"}],"predecessor-version":[{"id":201389,"href":"https:\/\/diarioregionaldigital.com.br\/index.php?rest_route=\/wp\/v2\/posts\/201387\/revisions\/201389"}],"wp:featuredmedia":[{"embeddable":true,"href":"https:\/\/diarioregionaldigital.com.br\/index.php?rest_route=\/wp\/v2\/media\/201388"}],"wp:attachment":[{"href":"https:\/\/diarioregionaldigital.com.br\/index.php?rest_route=%2Fwp%2Fv2%2Fmedia&parent=201387"}],"wp:term":[{"taxonomy":"category","embeddable":true,"href":"https:\/\/diarioregionaldigital.com.br\/index.php?rest_route=%2Fwp%2Fv2%2Fcategories&post=201387"},{"taxonomy":"post_tag","embeddable":true,"href":"https:\/\/diarioregionaldigital.com.br\/index.php?rest_route=%2Fwp%2Fv2%2Ftags&post=201387"}],"curies":[{"name":"wp","href":"https:\/\/api.w.org\/{rel}","templated":true}]}}