{"id":201380,"date":"2022-07-08T18:40:28","date_gmt":"2022-07-08T21:40:28","guid":{"rendered":"https:\/\/diarioregionaldigital.com.br\/?p=201380"},"modified":"2022-07-08T18:40:28","modified_gmt":"2022-07-08T21:40:28","slug":"brasileiro-troca-refeicao-por-lanche-diz-estudo-da-kantar","status":"publish","type":"post","link":"https:\/\/diarioregionaldigital.com.br\/?p=201380","title":{"rendered":"Brasileiro troca refei\u00e7\u00e3o por lanche, diz estudo da Kantar"},"content":{"rendered":"<p>O brasileiro tem trocado as refei\u00e7\u00f5es por lanches, e um dos fatores que ajudam a explicar essa mudan\u00e7a \u00e9 a alta no pre\u00e7o dos alimentos. Isso \u00e9 o que apontou uma pesquisa de consumo, feita pela Kantar, e que foi apresentada hoje (8) durante o 17\u00ba Congresso Internacional das Ind\u00fastrias, em Florian\u00f3polis.<img decoding=\"async\" src=\"https:\/\/agenciabrasil.ebc.com.br\/ebc.png?id=1469993&amp;o=node\" \/><img decoding=\"async\" src=\"https:\/\/agenciabrasil.ebc.com.br\/ebc.gif?id=1469993&amp;o=node\" \/><\/p>\n<p>A pesquisa Consumer Insights 2022 apontou que, enquanto o valor m\u00e9dio de uma refei\u00e7\u00e3o completa girava em torno de R$ 43,94 nos primeiros tr\u00eas meses desse ano, o gasto m\u00e9dio com os\u00a0<em>snacks<\/em>\u00a0(lanches e petiscos) era quase quatro vezes menor, em torno de R$ 10,43.<\/p>\n<p>Segundo David Fiss, diretor comercial da Kantar, al\u00e9m do custo, outro motivo que explica o brasileiro trocar a refei\u00e7\u00e3o pelo lanche \u00e9 a praticidade. \u201cO brasileiro busca cada vez mais a praticidade no tipo de alimenta\u00e7\u00e3o dele. Ent\u00e3o a gente come\u00e7a a enxergar cada vez mais a presen\u00e7a de sandu\u00edches principalmente nas ocasi\u00f5es onde eram fortes as refei\u00e7\u00f5es tradicionais\u201d, disse\u00a0em entrevista \u00e0\u00a0<strong>Ag\u00eancia Brasil<\/strong>.<\/p>\n<p>Essa mudan\u00e7a de comportamento vem sendo observada em todas as classes sociais, especialmente na classe C, pontou Fiss. \u201cExiste a praticidade e tamb\u00e9m tem a quest\u00e3o do fator pre\u00e7o. Quando voc\u00ea compra embutidos, voc\u00ea consegue compartilhar melhor os produtos ou comprar a granel, que \u00e9 um fator tamb\u00e9m que se ajusta ao bolso do consumidor. Voc\u00ea alia a praticidade ao gosto das pessoas, mas o custo \u00e9 bem mais acess\u00edvel do que as refei\u00e7\u00f5es tradicionais\u201d, acrescentou. \u201cHoje, cada vez mais, o custo, aliado \u00e0 praticidade e ao sabor, se tornam relevantes para o consumidor\u201d, acrescentou.<\/p>\n<p>O estudo mostrou ainda que as fam\u00edlias brasileiras reduziram os gastos fora de casa nesse ano de 2022, priorizando o consumo dentro do lar. Isso ocorre, segundo a Kantar, por causa da infla\u00e7\u00e3o. Com isso, o gasto m\u00e9dio trimestral dentro de casa passou de R$ 1.329 no ano passado para R$ 1.369 no primeiro trimestre deste ano, enquanto o fora de casa passou de uma m\u00e9dia de R$ 288 para R$ 278 em igual per\u00edodo.<\/p>\n<p>Ainda de acordo com a Kantar, os gastos com consumo massivo em casa representaram 52% do or\u00e7amento familiar, em m\u00e9dia. Para as classes D e E, esse gasto domiciliar foi maior e representou 60% do consumo, enquanto para as classes A e B esteve em torno de 47%.<\/p>\n<p>O 17\u00ba Congresso Internacional das Ind\u00fastrias \u00e9 promovido pela Associa\u00e7\u00e3o Brasileira das Ind\u00fastrias de Biscoitos, Massas Aliment\u00edcias e P\u00e3es &amp; Bolos Industrializados (Abimapi) e pela Associa\u00e7\u00e3o Brasileira da Ind\u00fastria de Chocolates, Amendoim e Balas (Abicab).<\/p>\n<p><span style=\"font-weight: 400;\">Fonte: Ag\u00eancia Brasil <\/span><\/p>\n","protected":false},"excerpt":{"rendered":"<p>O brasileiro tem trocado as refei\u00e7\u00f5es por lanches, e um dos fatores que ajudam a explicar essa mudan\u00e7a \u00e9 a alta no pre\u00e7o dos alimentos. Isso \u00e9 o que apontou uma pesquisa de consumo, feita pela Kantar, e que foi apresentada hoje (8) durante o 17\u00ba Congresso Internacional das Ind\u00fastrias, em Florian\u00f3polis. A pesquisa Consumer [&hellip;]<\/p>\n","protected":false},"author":246,"featured_media":201381,"comment_status":"closed","ping_status":"closed","sticky":false,"template":"","format":"standard","meta":{"footnotes":""},"categories":[436,261,439],"tags":[],"class_list":["post-201380","post","type-post","status-publish","format-standard","has-post-thumbnail","hentry","category-destaque-da-semana","category-economia","category-ultima-hora"],"_links":{"self":[{"href":"https:\/\/diarioregionaldigital.com.br\/index.php?rest_route=\/wp\/v2\/posts\/201380","targetHints":{"allow":["GET"]}}],"collection":[{"href":"https:\/\/diarioregionaldigital.com.br\/index.php?rest_route=\/wp\/v2\/posts"}],"about":[{"href":"https:\/\/diarioregionaldigital.com.br\/index.php?rest_route=\/wp\/v2\/types\/post"}],"author":[{"embeddable":true,"href":"https:\/\/diarioregionaldigital.com.br\/index.php?rest_route=\/wp\/v2\/users\/246"}],"replies":[{"embeddable":true,"href":"https:\/\/diarioregionaldigital.com.br\/index.php?rest_route=%2Fwp%2Fv2%2Fcomments&post=201380"}],"version-history":[{"count":1,"href":"https:\/\/diarioregionaldigital.com.br\/index.php?rest_route=\/wp\/v2\/posts\/201380\/revisions"}],"predecessor-version":[{"id":201382,"href":"https:\/\/diarioregionaldigital.com.br\/index.php?rest_route=\/wp\/v2\/posts\/201380\/revisions\/201382"}],"wp:featuredmedia":[{"embeddable":true,"href":"https:\/\/diarioregionaldigital.com.br\/index.php?rest_route=\/wp\/v2\/media\/201381"}],"wp:attachment":[{"href":"https:\/\/diarioregionaldigital.com.br\/index.php?rest_route=%2Fwp%2Fv2%2Fmedia&parent=201380"}],"wp:term":[{"taxonomy":"category","embeddable":true,"href":"https:\/\/diarioregionaldigital.com.br\/index.php?rest_route=%2Fwp%2Fv2%2Fcategories&post=201380"},{"taxonomy":"post_tag","embeddable":true,"href":"https:\/\/diarioregionaldigital.com.br\/index.php?rest_route=%2Fwp%2Fv2%2Ftags&post=201380"}],"curies":[{"name":"wp","href":"https:\/\/api.w.org\/{rel}","templated":true}]}}