{"id":201369,"date":"2022-07-08T18:33:42","date_gmt":"2022-07-08T21:33:42","guid":{"rendered":"https:\/\/diarioregionaldigital.com.br\/?p=201369"},"modified":"2022-07-08T18:33:42","modified_gmt":"2022-07-08T21:33:42","slug":"vendas-de-veiculos-caem-48-em-junho-diz-anfavea","status":"publish","type":"post","link":"https:\/\/diarioregionaldigital.com.br\/?p=201369","title":{"rendered":"Vendas de ve\u00edculos caem 4,8% em junho, diz Anfavea"},"content":{"rendered":"<p>A Associa\u00e7\u00e3o Nacional de Fabricantes de Ve\u00edculos Automotores (Anfavea) anunciou hoje (8), em S\u00e3o Paulo, que, em junho deste ano, foram vendidos 178,1 mil autove\u00edculos (carros, comerciais leves, caminh\u00f5es e \u00f4nibus), o que representa uma queda de 4,8% em compara\u00e7\u00e3o a maio. Na compara\u00e7\u00e3o com junho do ano passado, a retra\u00e7\u00e3o foi de 2,4%.<img decoding=\"async\" src=\"https:\/\/agenciabrasil.ebc.com.br\/ebc.png?id=1469947&amp;o=node\" \/><img decoding=\"async\" src=\"https:\/\/agenciabrasil.ebc.com.br\/ebc.gif?id=1469947&amp;o=node\" \/><\/p>\n<p>J\u00e1 as exporta\u00e7\u00f5es de autom\u00f3veis registraram alta de 2,7% em junho com rela\u00e7\u00e3o ao m\u00eas anterior, com a venda de 47,3 mil ve\u00edculos para fora do pa\u00eds. Com rela\u00e7\u00e3o a junho de 2021, a alta foi de 41,2%, quando foram exportadas 33,5 mil unidades. No primeiro semestre de 2022, o acumulado de vendas ficou em 23%, totalizando a exporta\u00e7\u00e3o de 246,3 mil ve\u00edculos.<\/p>\n<p>Houve retra\u00e7\u00e3o na produ\u00e7\u00e3o de ve\u00edculos em junho, com queda de 1,1 %% com rela\u00e7\u00e3o ao \u00faltimo maio. Segundo o balan\u00e7o divulgado pela Anfavea, foram fabricadas 203,6 mil unidades em junho, enquanto a produ\u00e7\u00e3o em junho do ano passado ficou em 167,5 mil ve\u00edculos. No acumulado do primeiro semestre, a queda na produ\u00e7\u00e3o foi de 5% em compara\u00e7\u00e3o com o\u00a0mesmo per\u00edodo do ano passado.<\/p>\n<p>\u201cA crise global dos semicondutores vem se prolongando mais do que esper\u00e1vamos em janeiro, em fun\u00e7\u00e3o de novos fatores como a guerra na Ucr\u00e2nia e os\u00a0<em>lockdowns\u00a0<\/em>na China causados pela nova onda de covid-19, que afetam o fornecimento de insumos e a log\u00edstica global\u201d, explicou o presidente da Anfavea, M\u00e1rcio de Lima Leite.<\/p>\n<h2>Empregos<\/h2>\n<p>O n\u00edvel de emprego na ind\u00fastria automobil\u00edstica teve alta de 0,7% em junho na compara\u00e7\u00e3o com maio. S\u00f3 em junho foram criadas 705 vagas, somando 1.488 desde o in\u00edcio do ano. Consideradas as vagas de m\u00e1quinas autopropulsadas, foram 2.700 novas vagas, que representam cerca de 27 mil empregos diretos e indiretos para a cadeia automotiva.<\/p>\n<p>\u201cEm meio a tantas paralisa\u00e7\u00f5es por falta de componentes, essas contrata\u00e7\u00f5es revelam a resili\u00eancia das empresas do setor e uma aposta na recupera\u00e7\u00e3o do mercado\u201d, afirmou o presidente da Afavea.<\/p>\n<h2>Previs\u00e3o<\/h2>\n<p>A Anfavea revisou as proje\u00e7\u00f5es para o fechamento de 2022. A entidade informou que considerou as restri\u00e7\u00f5es de produ\u00e7\u00e3o e a eleva\u00e7\u00e3o da infla\u00e7\u00e3o e dos juros no Brasil, assim como as restri\u00e7\u00f5es ao acesso de cr\u00e9dito.<\/p>\n<p>Para a produ\u00e7\u00e3o, a nova expectativa \u00e9 de fechar o ano com 2,34 milh\u00f5es de unidades, alta de 4,1% sobre 2021. Para vendas internas, espera-se chegar a 2,14 milh\u00f5es de autove\u00edculos licenciados, crescimento de 1%. J\u00e1 a expectativa para exporta\u00e7\u00e3o \u00e9 de 460 mil unidades embarcadas at\u00e9 o fim do ano, alta de 22,2% na compara\u00e7\u00e3o com 2021.<\/p>\n<p><span style=\"font-weight: 400;\">Fonte: Ag\u00eancia Brasil <\/span><\/p>\n","protected":false},"excerpt":{"rendered":"<p>A Associa\u00e7\u00e3o Nacional de Fabricantes de Ve\u00edculos Automotores (Anfavea) anunciou hoje (8), em S\u00e3o Paulo, que, em junho deste ano, foram vendidos 178,1 mil autove\u00edculos (carros, comerciais leves, caminh\u00f5es e \u00f4nibus), o que representa uma queda de 4,8% em compara\u00e7\u00e3o a maio. Na compara\u00e7\u00e3o com junho do ano passado, a retra\u00e7\u00e3o foi de 2,4%. J\u00e1 [&hellip;]<\/p>\n","protected":false},"author":246,"featured_media":201370,"comment_status":"closed","ping_status":"closed","sticky":false,"template":"","format":"standard","meta":{"footnotes":""},"categories":[436,440,261,439],"tags":[],"class_list":["post-201369","post","type-post","status-publish","format-standard","has-post-thumbnail","hentry","category-destaque-da-semana","category-destaques-do-dia","category-economia","category-ultima-hora"],"_links":{"self":[{"href":"https:\/\/diarioregionaldigital.com.br\/index.php?rest_route=\/wp\/v2\/posts\/201369","targetHints":{"allow":["GET"]}}],"collection":[{"href":"https:\/\/diarioregionaldigital.com.br\/index.php?rest_route=\/wp\/v2\/posts"}],"about":[{"href":"https:\/\/diarioregionaldigital.com.br\/index.php?rest_route=\/wp\/v2\/types\/post"}],"author":[{"embeddable":true,"href":"https:\/\/diarioregionaldigital.com.br\/index.php?rest_route=\/wp\/v2\/users\/246"}],"replies":[{"embeddable":true,"href":"https:\/\/diarioregionaldigital.com.br\/index.php?rest_route=%2Fwp%2Fv2%2Fcomments&post=201369"}],"version-history":[{"count":2,"href":"https:\/\/diarioregionaldigital.com.br\/index.php?rest_route=\/wp\/v2\/posts\/201369\/revisions"}],"predecessor-version":[{"id":201373,"href":"https:\/\/diarioregionaldigital.com.br\/index.php?rest_route=\/wp\/v2\/posts\/201369\/revisions\/201373"}],"wp:featuredmedia":[{"embeddable":true,"href":"https:\/\/diarioregionaldigital.com.br\/index.php?rest_route=\/wp\/v2\/media\/201370"}],"wp:attachment":[{"href":"https:\/\/diarioregionaldigital.com.br\/index.php?rest_route=%2Fwp%2Fv2%2Fmedia&parent=201369"}],"wp:term":[{"taxonomy":"category","embeddable":true,"href":"https:\/\/diarioregionaldigital.com.br\/index.php?rest_route=%2Fwp%2Fv2%2Fcategories&post=201369"},{"taxonomy":"post_tag","embeddable":true,"href":"https:\/\/diarioregionaldigital.com.br\/index.php?rest_route=%2Fwp%2Fv2%2Ftags&post=201369"}],"curies":[{"name":"wp","href":"https:\/\/api.w.org\/{rel}","templated":true}]}}