{"id":201360,"date":"2022-07-08T02:46:39","date_gmt":"2022-07-08T05:46:39","guid":{"rendered":"https:\/\/diarioregionaldigital.com.br\/?p=201360"},"modified":"2022-07-08T02:46:39","modified_gmt":"2022-07-08T05:46:39","slug":"prefeitura-municipal-de-descoberto-cont-no045-08-07-2022-2","status":"publish","type":"post","link":"https:\/\/diarioregionaldigital.com.br\/?p=201360","title":{"rendered":"Prefeitura Municipal de Descoberto &#8211; Cont n\u00ba045 &#8211; 08\/07\/2022"},"content":{"rendered":"<p style=\"text-align: center;\"><strong>EXTRATO DE CONTRATO<\/strong><\/p>\n<p style=\"text-align: center;\">Pref. Municipal de Descoberto x RF MEDICINA\u00a0 LTDA \u2013 Presta\u00e7\u00e3o de Servi\u00e7os de consultas especializadas em Endocrinologia \u00a0\u2013 Fundamento: Inexigibilidade n\u00ba 003\/2022 \u2013 Credenciamento 001\/2022 \u00a0&#8211;\u00a0 Valor Global: 24.000,00- \u00a0Vig\u00eancia: 12 meses &#8211;\u00a0 Dot or\u00e7: 02.02005.10.301.0004284-339039\/100- \u00a0Ass: 30\/06\/2022 &#8211; Foro: S\u00e3o Jo\u00e3o Nepomuceno\/MG.<\/p>\n<p style=\"text-align: center;\"><strong>Marcos de Ara\u00fajo Lima<\/strong><\/p>\n<p style=\"text-align: center;\"><strong>Prefeito Municipal<\/strong><\/p>\n","protected":false},"excerpt":{"rendered":"<p>EXTRATO DE CONTRATO Pref. Municipal de Descoberto x RF MEDICINA\u00a0 LTDA \u2013 Presta\u00e7\u00e3o de Servi\u00e7os de consultas especializadas em Endocrinologia \u00a0\u2013 Fundamento: Inexigibilidade n\u00ba 003\/2022 \u2013 Credenciamento 001\/2022 \u00a0&#8211;\u00a0 Valor Global: 24.000,00- \u00a0Vig\u00eancia: 12 meses &#8211;\u00a0 Dot or\u00e7: 02.02005.10.301.0004284-339039\/100- \u00a0Ass: 30\/06\/2022 &#8211; Foro: S\u00e3o Jo\u00e3o Nepomuceno\/MG. Marcos de Ara\u00fajo Lima Prefeito Municipal<\/p>\n","protected":false},"author":96,"featured_media":0,"comment_status":"closed","ping_status":"closed","sticky":false,"template":"","format":"standard","meta":{"footnotes":""},"categories":[307],"tags":[],"class_list":["post-201360","post","type-post","status-publish","format-standard","hentry","category-editais"],"_links":{"self":[{"href":"https:\/\/diarioregionaldigital.com.br\/index.php?rest_route=\/wp\/v2\/posts\/201360","targetHints":{"allow":["GET"]}}],"collection":[{"href":"https:\/\/diarioregionaldigital.com.br\/index.php?rest_route=\/wp\/v2\/posts"}],"about":[{"href":"https:\/\/diarioregionaldigital.com.br\/index.php?rest_route=\/wp\/v2\/types\/post"}],"author":[{"embeddable":true,"href":"https:\/\/diarioregionaldigital.com.br\/index.php?rest_route=\/wp\/v2\/users\/96"}],"replies":[{"embeddable":true,"href":"https:\/\/diarioregionaldigital.com.br\/index.php?rest_route=%2Fwp%2Fv2%2Fcomments&post=201360"}],"version-history":[{"count":1,"href":"https:\/\/diarioregionaldigital.com.br\/index.php?rest_route=\/wp\/v2\/posts\/201360\/revisions"}],"predecessor-version":[{"id":201361,"href":"https:\/\/diarioregionaldigital.com.br\/index.php?rest_route=\/wp\/v2\/posts\/201360\/revisions\/201361"}],"wp:attachment":[{"href":"https:\/\/diarioregionaldigital.com.br\/index.php?rest_route=%2Fwp%2Fv2%2Fmedia&parent=201360"}],"wp:term":[{"taxonomy":"category","embeddable":true,"href":"https:\/\/diarioregionaldigital.com.br\/index.php?rest_route=%2Fwp%2Fv2%2Fcategories&post=201360"},{"taxonomy":"post_tag","embeddable":true,"href":"https:\/\/diarioregionaldigital.com.br\/index.php?rest_route=%2Fwp%2Fv2%2Ftags&post=201360"}],"curies":[{"name":"wp","href":"https:\/\/api.w.org\/{rel}","templated":true}]}}