{"id":201356,"date":"2022-07-08T02:37:46","date_gmt":"2022-07-08T05:37:46","guid":{"rendered":"https:\/\/diarioregionaldigital.com.br\/?p=201356"},"modified":"2022-07-08T02:37:46","modified_gmt":"2022-07-08T05:37:46","slug":"prefeitura-municipal-de-descoberto-cont-no044-08-07-2022","status":"publish","type":"post","link":"https:\/\/diarioregionaldigital.com.br\/?p=201356","title":{"rendered":"Prefeitura Municipal de Descoberto &#8211; Cont n\u00ba044 &#8211; 08\/07\/2022"},"content":{"rendered":"<p style=\"text-align: center;\"><strong>EXTRATO DE CONTRATO<\/strong><\/p>\n<p style=\"text-align: center;\">Pref. Municipal de Descoberto x\u00a0 Maria de F\u00e1tima Amorim de Almeida Vieira \u2013 Presta\u00e7\u00e3o de Servi\u00e7os de m\u00e9dico plantonista\u2013 Fundamento: Inexigibilidade n\u00ba 003\/2022 \u2013 Credenciamento 001\/2022 \u00a0&#8211;\u00a0 Valor Global: 48.384,00- \u00a0Vig\u00eancia: 12 meses &#8211;\u00a0 Dot or\u00e7: 02.02005.10.301.0004.284-339036\/100- \u00a0Ass: 30\/06\/2022 &#8211; Foro: S\u00e3o Jo\u00e3o Nepomuceno\/MG.<\/p>\n<p style=\"text-align: center;\"><strong>Marcos de Ara\u00fajo Lima<\/strong><\/p>\n<p style=\"text-align: center;\"><strong>Prefeito Municipal<\/strong><\/p>\n","protected":false},"excerpt":{"rendered":"<p>EXTRATO DE CONTRATO Pref. Municipal de Descoberto x\u00a0 Maria de F\u00e1tima Amorim de Almeida Vieira \u2013 Presta\u00e7\u00e3o de Servi\u00e7os de m\u00e9dico plantonista\u2013 Fundamento: Inexigibilidade n\u00ba 003\/2022 \u2013 Credenciamento 001\/2022 \u00a0&#8211;\u00a0 Valor Global: 48.384,00- \u00a0Vig\u00eancia: 12 meses &#8211;\u00a0 Dot or\u00e7: 02.02005.10.301.0004.284-339036\/100- \u00a0Ass: 30\/06\/2022 &#8211; Foro: S\u00e3o Jo\u00e3o Nepomuceno\/MG. Marcos de Ara\u00fajo Lima Prefeito Municipal<\/p>\n","protected":false},"author":96,"featured_media":0,"comment_status":"closed","ping_status":"closed","sticky":false,"template":"","format":"standard","meta":{"footnotes":""},"categories":[307],"tags":[],"class_list":["post-201356","post","type-post","status-publish","format-standard","hentry","category-editais"],"_links":{"self":[{"href":"https:\/\/diarioregionaldigital.com.br\/index.php?rest_route=\/wp\/v2\/posts\/201356","targetHints":{"allow":["GET"]}}],"collection":[{"href":"https:\/\/diarioregionaldigital.com.br\/index.php?rest_route=\/wp\/v2\/posts"}],"about":[{"href":"https:\/\/diarioregionaldigital.com.br\/index.php?rest_route=\/wp\/v2\/types\/post"}],"author":[{"embeddable":true,"href":"https:\/\/diarioregionaldigital.com.br\/index.php?rest_route=\/wp\/v2\/users\/96"}],"replies":[{"embeddable":true,"href":"https:\/\/diarioregionaldigital.com.br\/index.php?rest_route=%2Fwp%2Fv2%2Fcomments&post=201356"}],"version-history":[{"count":1,"href":"https:\/\/diarioregionaldigital.com.br\/index.php?rest_route=\/wp\/v2\/posts\/201356\/revisions"}],"predecessor-version":[{"id":201357,"href":"https:\/\/diarioregionaldigital.com.br\/index.php?rest_route=\/wp\/v2\/posts\/201356\/revisions\/201357"}],"wp:attachment":[{"href":"https:\/\/diarioregionaldigital.com.br\/index.php?rest_route=%2Fwp%2Fv2%2Fmedia&parent=201356"}],"wp:term":[{"taxonomy":"category","embeddable":true,"href":"https:\/\/diarioregionaldigital.com.br\/index.php?rest_route=%2Fwp%2Fv2%2Fcategories&post=201356"},{"taxonomy":"post_tag","embeddable":true,"href":"https:\/\/diarioregionaldigital.com.br\/index.php?rest_route=%2Fwp%2Fv2%2Ftags&post=201356"}],"curies":[{"name":"wp","href":"https:\/\/api.w.org\/{rel}","templated":true}]}}