{"id":201354,"date":"2022-07-08T02:36:50","date_gmt":"2022-07-08T05:36:50","guid":{"rendered":"https:\/\/diarioregionaldigital.com.br\/?p=201354"},"modified":"2022-07-08T02:36:50","modified_gmt":"2022-07-08T05:36:50","slug":"prefeitura-municipal-de-descoberto-cont-no043-08-07-2022","status":"publish","type":"post","link":"https:\/\/diarioregionaldigital.com.br\/?p=201354","title":{"rendered":"Prefeitura Municipal de Descoberto &#8211; Cont n\u00ba043 &#8211; 08\/07\/2022"},"content":{"rendered":"<p style=\"text-align: center;\"><strong>EXTRATO DE CONTRATO<\/strong><\/p>\n<p style=\"text-align: center;\">Pref. Municipal de Descoberto x\u00a0 M &amp; R Servi\u00e7os M\u00e9dicos Ltda \u2013 Presta\u00e7\u00e3o de Servi\u00e7os de m\u00e9dico plantonista \u00a0\u2013 Fundamento: Inexigibilidade n\u00ba 003\/2022 \u2013 Credenciamento 001\/2022 \u00a0&#8211;\u00a0 Valor Global: 48.384,00- \u00a0Vig\u00eancia: 12 meses &#8211;\u00a0 Dot or\u00e7: 02.02005.10.301.0004284-339039\/100- \u00a0Ass: 30\/06\/2022 &#8211; Foro: S\u00e3o Jo\u00e3o Nepomuceno\/MG.<\/p>\n<p style=\"text-align: center;\"><strong>Marcos de Ara\u00fajo Lima<\/strong><\/p>\n<p style=\"text-align: center;\"><strong>Prefeito Municipal<\/strong><\/p>\n","protected":false},"excerpt":{"rendered":"<p>EXTRATO DE CONTRATO Pref. Municipal de Descoberto x\u00a0 M &amp; R Servi\u00e7os M\u00e9dicos Ltda \u2013 Presta\u00e7\u00e3o de Servi\u00e7os de m\u00e9dico plantonista \u00a0\u2013 Fundamento: Inexigibilidade n\u00ba 003\/2022 \u2013 Credenciamento 001\/2022 \u00a0&#8211;\u00a0 Valor Global: 48.384,00- \u00a0Vig\u00eancia: 12 meses &#8211;\u00a0 Dot or\u00e7: 02.02005.10.301.0004284-339039\/100- \u00a0Ass: 30\/06\/2022 &#8211; Foro: S\u00e3o Jo\u00e3o Nepomuceno\/MG. Marcos de Ara\u00fajo Lima Prefeito Municipal<\/p>\n","protected":false},"author":96,"featured_media":0,"comment_status":"closed","ping_status":"closed","sticky":false,"template":"","format":"standard","meta":{"footnotes":""},"categories":[307],"tags":[],"class_list":["post-201354","post","type-post","status-publish","format-standard","hentry","category-editais"],"_links":{"self":[{"href":"https:\/\/diarioregionaldigital.com.br\/index.php?rest_route=\/wp\/v2\/posts\/201354","targetHints":{"allow":["GET"]}}],"collection":[{"href":"https:\/\/diarioregionaldigital.com.br\/index.php?rest_route=\/wp\/v2\/posts"}],"about":[{"href":"https:\/\/diarioregionaldigital.com.br\/index.php?rest_route=\/wp\/v2\/types\/post"}],"author":[{"embeddable":true,"href":"https:\/\/diarioregionaldigital.com.br\/index.php?rest_route=\/wp\/v2\/users\/96"}],"replies":[{"embeddable":true,"href":"https:\/\/diarioregionaldigital.com.br\/index.php?rest_route=%2Fwp%2Fv2%2Fcomments&post=201354"}],"version-history":[{"count":1,"href":"https:\/\/diarioregionaldigital.com.br\/index.php?rest_route=\/wp\/v2\/posts\/201354\/revisions"}],"predecessor-version":[{"id":201355,"href":"https:\/\/diarioregionaldigital.com.br\/index.php?rest_route=\/wp\/v2\/posts\/201354\/revisions\/201355"}],"wp:attachment":[{"href":"https:\/\/diarioregionaldigital.com.br\/index.php?rest_route=%2Fwp%2Fv2%2Fmedia&parent=201354"}],"wp:term":[{"taxonomy":"category","embeddable":true,"href":"https:\/\/diarioregionaldigital.com.br\/index.php?rest_route=%2Fwp%2Fv2%2Fcategories&post=201354"},{"taxonomy":"post_tag","embeddable":true,"href":"https:\/\/diarioregionaldigital.com.br\/index.php?rest_route=%2Fwp%2Fv2%2Ftags&post=201354"}],"curies":[{"name":"wp","href":"https:\/\/api.w.org\/{rel}","templated":true}]}}