{"id":201339,"date":"2022-07-07T22:37:31","date_gmt":"2022-07-08T01:37:31","guid":{"rendered":"https:\/\/diarioregionaldigital.com.br\/?p=201339"},"modified":"2022-07-07T22:37:31","modified_gmt":"2022-07-08T01:37:31","slug":"prefeitura-instala-mais-de-4-mil-luminarias-de-led-em-juiz-de-fora","status":"publish","type":"post","link":"https:\/\/diarioregionaldigital.com.br\/?p=201339","title":{"rendered":"Prefeitura instala mais de 4 mil lumin\u00e1rias de LED em Juiz de Fora"},"content":{"rendered":"<p>Segundo informa\u00e7\u00f5es do site da Prefeitura de Juiz de Fora (PJF), o\u00a0Programa Boniteza da Prefeitura de Juiz de Fora (PJF) j\u00e1 instalou 4.514 lumin\u00e1rias de LED na cidade, atingindo 140 ruas de 22 bairros e seis distritos espalhados pelo munic\u00edpio.<\/p>\n<p>Nesta quinta-feira, 7, as instala\u00e7\u00f5es das novas lumin\u00e1rias LED ocorreram na Rua Engenheiro Arnaldo Surerus de Oliveira, onde recentemente a Prefeitura realizou o asfaltamento da via.<\/p>\n<p>Por meio do Programa Boniteza e do Brilha JF, j\u00e1 foram instaladas mais de\u00a04.514 lumin\u00e1rias de LED\u00a0em vias estrat\u00e9gicas da cidade como a Avenida JK; Avenida Itamar Franco; Avenida Get\u00falio Vargas; Avenida Brasil, at\u00e9 o viaduto da\u00a0BD;\u00a0Avenida Governador Valadares; Rua S\u00e3o Mateus; Rua Ibitiguaia; Rua Benjamin Constant; Rua Ces\u00e1rio Alvim; Avenida Francisco Bernardino; Rua Paulo Frontin; Rua Doutor Prisco; Estrada Engenheiro Gentil Forn; Rua Jos\u00e9 Louren\u00e7o Kelmer, entre a Ponte Casablanca e a UFJF; acesso \u00e0 Nova Benfica pela Rua Martins Barbosa, Viaduto Augusto Franco e Viaduto Ramirez Gonzales, al\u00e9m de diversas pra\u00e7as da cidade.<\/p>\n<p>&nbsp;<\/p>\n<p><strong>Gabinete de A\u00e7\u00e3o e Di\u00e1logo Comunit\u00e1rio<\/strong><\/p>\n<p>&nbsp;<\/p>\n<p>As a\u00e7\u00f5es da SO s\u00e3o realizadas atrav\u00e9s do\u00a0<a href=\"https:\/\/www.pjf.mg.gov.br\/gabinetecomunitario\/\"><strong>Gabinete de A\u00e7\u00e3o e Di\u00e1logo Comunit\u00e1rio<\/strong><\/a>, que recebe demandas de melhorias urbanas pelo n\u00famero (32) 3690-7241, por liga\u00e7\u00e3o ou WhatsApp.<\/p>\n<p>&nbsp;<\/p>\n<p>No site do gabinete, est\u00e3o dispon\u00edveis informa\u00e7\u00f5es atualizadas diariamente sobre os servi\u00e7os realizados pelas secretarias de Obras; de Sustentabilidade em Meio Ambiente e Atividades Urbanas (Sesmaur); de Mobilidade Urbana (SMU); e pela Empresa Municipal de Pavimenta\u00e7\u00e3o e Urbaniza\u00e7\u00e3o (Empav); Departamento Municipal de Limpeza Urbana (Demlurb); e Companhia de Saneamento Municipal (Cesama).<\/p>\n","protected":false},"excerpt":{"rendered":"<p>Segundo informa\u00e7\u00f5es do site da Prefeitura de Juiz de Fora (PJF), o\u00a0Programa Boniteza da Prefeitura de Juiz de Fora (PJF) j\u00e1 instalou 4.514 lumin\u00e1rias de LED na cidade, atingindo 140 ruas de 22 bairros e seis distritos espalhados pelo munic\u00edpio. Nesta quinta-feira, 7, as instala\u00e7\u00f5es das novas lumin\u00e1rias LED ocorreram na Rua Engenheiro Arnaldo Surerus [&hellip;]<\/p>\n","protected":false},"author":246,"featured_media":201340,"comment_status":"closed","ping_status":"closed","sticky":false,"template":"","format":"standard","meta":{"footnotes":""},"categories":[253,436,439],"tags":[],"class_list":["post-201339","post","type-post","status-publish","format-standard","has-post-thumbnail","hentry","category-cidade","category-destaque-da-semana","category-ultima-hora"],"_links":{"self":[{"href":"https:\/\/diarioregionaldigital.com.br\/index.php?rest_route=\/wp\/v2\/posts\/201339","targetHints":{"allow":["GET"]}}],"collection":[{"href":"https:\/\/diarioregionaldigital.com.br\/index.php?rest_route=\/wp\/v2\/posts"}],"about":[{"href":"https:\/\/diarioregionaldigital.com.br\/index.php?rest_route=\/wp\/v2\/types\/post"}],"author":[{"embeddable":true,"href":"https:\/\/diarioregionaldigital.com.br\/index.php?rest_route=\/wp\/v2\/users\/246"}],"replies":[{"embeddable":true,"href":"https:\/\/diarioregionaldigital.com.br\/index.php?rest_route=%2Fwp%2Fv2%2Fcomments&post=201339"}],"version-history":[{"count":1,"href":"https:\/\/diarioregionaldigital.com.br\/index.php?rest_route=\/wp\/v2\/posts\/201339\/revisions"}],"predecessor-version":[{"id":201341,"href":"https:\/\/diarioregionaldigital.com.br\/index.php?rest_route=\/wp\/v2\/posts\/201339\/revisions\/201341"}],"wp:featuredmedia":[{"embeddable":true,"href":"https:\/\/diarioregionaldigital.com.br\/index.php?rest_route=\/wp\/v2\/media\/201340"}],"wp:attachment":[{"href":"https:\/\/diarioregionaldigital.com.br\/index.php?rest_route=%2Fwp%2Fv2%2Fmedia&parent=201339"}],"wp:term":[{"taxonomy":"category","embeddable":true,"href":"https:\/\/diarioregionaldigital.com.br\/index.php?rest_route=%2Fwp%2Fv2%2Fcategories&post=201339"},{"taxonomy":"post_tag","embeddable":true,"href":"https:\/\/diarioregionaldigital.com.br\/index.php?rest_route=%2Fwp%2Fv2%2Ftags&post=201339"}],"curies":[{"name":"wp","href":"https:\/\/api.w.org\/{rel}","templated":true}]}}