{"id":201333,"date":"2022-07-07T22:29:20","date_gmt":"2022-07-08T01:29:20","guid":{"rendered":"https:\/\/diarioregionaldigital.com.br\/?p=201333"},"modified":"2022-07-07T22:29:20","modified_gmt":"2022-07-08T01:29:20","slug":"prefeitura-assina-decreto-para-ampliar-e-qualificar-familias-acolhedoras-em-juiz-de-fora","status":"publish","type":"post","link":"https:\/\/diarioregionaldigital.com.br\/?p=201333","title":{"rendered":"Prefeitura assina decreto para ampliar e qualificar fam\u00edlias acolhedoras em Juiz de Fora"},"content":{"rendered":"<p>Segundo informa\u00e7\u00f5es do site da Prefeitura de Juiz de Fora (PJF), nesta quinta-feira, 7, a prefeita Margarida Salom\u00e3o participou da cerim\u00f4nia de regulamenta\u00e7\u00e3o do Servi\u00e7o Socioassistencial em Fam\u00edlia Acolhedora em Juiz de Fora. Essa \u00e9 uma a\u00e7\u00e3o conjunta da Prefeitura de Juiz de Fora (PJF) com a Vara da Inf\u00e2ncia e Juventude de Juiz de Fora e Ag\u00eancia Adventista de Desenvolvimento e Recursos Assistenciais em Juiz de Fora (Adra em Juiz de Fora).<\/p>\n<p>&nbsp;<\/p>\n<p>A Fam\u00edlia Acolhedora tem o objetivo de facilitar o Acolhimento Familiar de crian\u00e7as e adolescentes, de zero a 18 anos, afastados do conv\u00edvio familiar por determina\u00e7\u00e3o do Poder Judici\u00e1rio, por meio de medida protetiva. Isso pode ocorrer devido ao abandono ou da impossibilidade tempor\u00e1ria das fam\u00edlias ou respons\u00e1veis de cumprir as fun\u00e7\u00f5es de cuidadores, at\u00e9 que seja poss\u00edvel o retorno ao conv\u00edvio com a fam\u00edlia de origem ou, quando n\u00e3o poss\u00edvel, o encaminhamento para ado\u00e7\u00e3o.<\/p>\n<p>&nbsp;<\/p>\n<p>Ao assinar o documento a Prefeita Margarida Salom\u00e3o lembrou do desafio de auxiliar os mais vulner\u00e1veis. \u201cN\u00e3o podemos nos acomodar diante dos desafios. Este programa \u00e9 uma esp\u00e9cie de piloto. Sair dos atuais R$240 de aux\u00edlio para R$1200 \u00e9 ainda pouco, mas j\u00e1 \u00e9 um grande passo para que a sociedade tamb\u00e9m possa nos ajudar neste acolhimento. Continuamos nos articulando para a integra\u00e7\u00e3o do Poder P\u00fablico, MP, Judici\u00e1rio, Conselho e Adra para avan\u00e7armos cada vez a quem mais necessita\u201d.<\/p>\n<p>&nbsp;<\/p>\n<p>Uma campanha cont\u00ednua para manter o cadastro dispon\u00edvel \u00e0s fam\u00edlias interessadas em atuar no servi\u00e7o passa a ser uma das prioridades com a assinatura do decreto. Neste primeiro momento, a ideia \u00e9 ampliar o n\u00famero de fam\u00edlias acolhedoras na cidade de quatro para 30. As fam\u00edlias interessadas em acolher crian\u00e7as e adolescentes em situa\u00e7\u00e3o de vulnerabilidade ter\u00e3o o aux\u00edlio de um sal\u00e1rio m\u00ednimo (R$ 1212,00) para auxiliar nas despesas, um dos diferenciais do decreto regulamentado. As inscri\u00e7\u00f5es podem ser feitas pelo\u00a0<a href=\"https:\/\/juizdefora.1doc.com.br\/b.php?pg=wp\/wp&amp;itd=5&amp;gr=4&amp;id_assunto=40679\"><strong>link<\/strong><\/a>.<\/p>\n<p>&nbsp;<\/p>\n<p>A secret\u00e1ria de Assist\u00eancia Social, Malu Salim, destacou que a fam\u00edlia acolhedora \u00e9 aquela que voluntariamente tem a fun\u00e7\u00e3o de acolher em seu espa\u00e7o familiar, pelo tempo que for necess\u00e1rio, a crian\u00e7a e\/ou o adolescente que, para ser protegido, foi retirado de sua fam\u00edlia, oferecendo-lhe todos os cuidados b\u00e1sicos, uma aten\u00e7\u00e3o familiar mais individualizada, mais afeto, amor e orienta\u00e7\u00e3o.<\/p>\n<p>&nbsp;<\/p>\n<p>O Juiz de Direito da Vara da Inf\u00e2ncia e da Juventude da comarca de Juiz de Fora, Ricardo Rodrigues de Lima, destacou que a assinatura do decreto com a amplia\u00e7\u00e3o de pol\u00edticas p\u00fablicas para crian\u00e7as e adolescentes \u00e9 um ganho para Juiz de Fora. Ele enfatizou as tr\u00eas frentes de trabalho que devem ser constantemente ampliadas: a fam\u00edlia acolhedora, a guarda subsidiada e o apadrinhamento afetivo.<\/p>\n<p>&nbsp;<\/p>\n<p>A promotora de Justi\u00e7a de Defesa da Inf\u00e2ncia e da Juventude, Samyra Ribeiro Namen, lembrou que as crian\u00e7as e adolescentes que ser\u00e3o acolhidas t\u00eam hist\u00f3rias de vulnerabilidade. \u201cA partir do momento em que a Prefeitura e a comunidade abra\u00e7am essas crian\u00e7as, est\u00e3o trabalhando pelo acolhimento familiar. O Minist\u00e9rio P\u00fablica reconhece que \u00e9 um gesto nobre\u201d.<\/p>\n<p>&nbsp;<\/p>\n<p>O vereador Pardal lembrou da aprova\u00e7\u00e3o da Lei Municipal na C\u00e2mara Municipal e destacou o empenho do Poder P\u00fablico em garantir pol\u00edticas p\u00fablicas para as crian\u00e7as e adolescentes do munic\u00edpio.<\/p>\n<p>&nbsp;<\/p>\n<p>Tamb\u00e9m estiveram presentes no evento a secret\u00e1ria de Governo, Cidinha Louzada; a presidente do Conselho Municipal dos Direitos da Crian\u00e7a e do Adolescente, Adriana Marques; o representante da Adra, Admilson Gomes; a subsecret\u00e1ria de prote\u00e7\u00e3o e promo\u00e7\u00e3o social, Val\u00e9ria Gonelli; e a Gerente da prote\u00e7\u00e3o especial, Maria Cl\u00e1udia Dutra.<\/p>\n","protected":false},"excerpt":{"rendered":"<p>Segundo informa\u00e7\u00f5es do site da Prefeitura de Juiz de Fora (PJF), nesta quinta-feira, 7, a prefeita Margarida Salom\u00e3o participou da cerim\u00f4nia de regulamenta\u00e7\u00e3o do Servi\u00e7o Socioassistencial em Fam\u00edlia Acolhedora em Juiz de Fora. Essa \u00e9 uma a\u00e7\u00e3o conjunta da Prefeitura de Juiz de Fora (PJF) com a Vara da Inf\u00e2ncia e Juventude de Juiz de [&hellip;]<\/p>\n","protected":false},"author":246,"featured_media":201334,"comment_status":"closed","ping_status":"closed","sticky":false,"template":"","format":"standard","meta":{"footnotes":""},"categories":[253,436,439],"tags":[],"class_list":["post-201333","post","type-post","status-publish","format-standard","has-post-thumbnail","hentry","category-cidade","category-destaque-da-semana","category-ultima-hora"],"_links":{"self":[{"href":"https:\/\/diarioregionaldigital.com.br\/index.php?rest_route=\/wp\/v2\/posts\/201333","targetHints":{"allow":["GET"]}}],"collection":[{"href":"https:\/\/diarioregionaldigital.com.br\/index.php?rest_route=\/wp\/v2\/posts"}],"about":[{"href":"https:\/\/diarioregionaldigital.com.br\/index.php?rest_route=\/wp\/v2\/types\/post"}],"author":[{"embeddable":true,"href":"https:\/\/diarioregionaldigital.com.br\/index.php?rest_route=\/wp\/v2\/users\/246"}],"replies":[{"embeddable":true,"href":"https:\/\/diarioregionaldigital.com.br\/index.php?rest_route=%2Fwp%2Fv2%2Fcomments&post=201333"}],"version-history":[{"count":1,"href":"https:\/\/diarioregionaldigital.com.br\/index.php?rest_route=\/wp\/v2\/posts\/201333\/revisions"}],"predecessor-version":[{"id":201335,"href":"https:\/\/diarioregionaldigital.com.br\/index.php?rest_route=\/wp\/v2\/posts\/201333\/revisions\/201335"}],"wp:featuredmedia":[{"embeddable":true,"href":"https:\/\/diarioregionaldigital.com.br\/index.php?rest_route=\/wp\/v2\/media\/201334"}],"wp:attachment":[{"href":"https:\/\/diarioregionaldigital.com.br\/index.php?rest_route=%2Fwp%2Fv2%2Fmedia&parent=201333"}],"wp:term":[{"taxonomy":"category","embeddable":true,"href":"https:\/\/diarioregionaldigital.com.br\/index.php?rest_route=%2Fwp%2Fv2%2Fcategories&post=201333"},{"taxonomy":"post_tag","embeddable":true,"href":"https:\/\/diarioregionaldigital.com.br\/index.php?rest_route=%2Fwp%2Fv2%2Ftags&post=201333"}],"curies":[{"name":"wp","href":"https:\/\/api.w.org\/{rel}","templated":true}]}}