{"id":201330,"date":"2022-07-07T22:25:38","date_gmt":"2022-07-08T01:25:38","guid":{"rendered":"https:\/\/diarioregionaldigital.com.br\/?p=201330"},"modified":"2022-07-07T22:25:38","modified_gmt":"2022-07-08T01:25:38","slug":"pjf-capta-quase-r-8-milhoes-para-reconstruir-as-areas-afetadas-pelas-chuvas-de-janeiro","status":"publish","type":"post","link":"https:\/\/diarioregionaldigital.com.br\/?p=201330","title":{"rendered":"PJF capta quase R$ 8 milh\u00f5es para reconstruir as \u00e1reas afetadas pelas chuvas de janeiro"},"content":{"rendered":"<p>Segundo informa\u00e7\u00f5es do site da Prefeitura de Juiz de Fora (PJF), foram captados pela Prefeitura de Juiz de Fora (PJF) R$ 7.774.538,08 milh\u00f5es em recursos federais para serem aplicados na reconstru\u00e7\u00e3o de \u00e1reas afetadas pelas chuvas de janeiro. O valor ser\u00e1 empregado em oito obras, que ser\u00e3o realizadas nos seguintes bairros: Ponte Preta; Santa Luzia; Santo Ant\u00f4nio; S\u00e3o Tarc\u00edsio; Graja\u00fa; Linhares; e Tr\u00eas Moinhos.<\/p>\n<p>&nbsp;<\/p>\n<p>A \u00e1rea que vai receber a maior parte dos recursos ser\u00e1 o talude de sessenta metros de altura localizado entre a Rua Rosa Sffeir e a Rua Vitorino Braga, onde ocorreu um deslizamento de solo no come\u00e7o deste ano. Ser\u00e3o\u00a0R$2.488.163,49 destinados para a obra.\u00a0A prefeita Margarida Salom\u00e3o esteve na Rua Vitorino Braga nesta quinta-feira, 7, e anunciou a conquista dos recursos. \u201cCom muito trabalho, a Prefeitura conseguiu levantar cerca de\u00a0R$\u00a08 milh\u00f5es para fazer oito interven\u00e7\u00f5es. Para a Rosa Sffeir, onde fizemos uma s\u00e9rie de interven\u00e7\u00f5es ap\u00f3s o deslizamento, ser\u00e3o\u00a0R$\u00a02,5 milh\u00f5es. Conseguimos n\u00e3o s\u00f3 caracterizar as nossas necessidades, mas fazer os projetos para fazer essas interven\u00e7\u00f5es. Agora vamos licitar e fazer os procedimentos administrativos que s\u00e3o pr\u00f3prios da gest\u00e3o p\u00fablica e, em breve, vamos apresentar \u00e0s pessoas que sofreram tanto nas esta\u00e7\u00f5es das \u00e1guas algo melhor para a vida delas\u201d, ressalta a prefeita.<\/p>\n<p>&nbsp;<\/p>\n<p>Al\u00e9m da Rua Rosa Sffeir, ser\u00e3o contempladas a Rua Jo\u00e3o Luzia, no bairro Tr\u00eas Moinhos, com o valor de R$1.834.095,25; a Rua Stelina Jesus de Oliveira Ponciano, no Linhares, com o valor de R$1.006.223,00; a Rua Maria Florice, no Tr\u00eas Moinhos, com o valor R$925.661,83; a Rua Augusto Vicente Vieira, no bairro S\u00e3o Tarc\u00edsio, com o valor de R$512.661,90; a Rua Francisco Rodrigues Silva, no Santo Ant\u00f4nio, com o valor de R$388.293,97; a Rua Jo\u00e3o Abreu Filho, em Ponte Preta, com o valor de R$318.211,16; e a Rua Alberto Agapito Ferreira, em Santa Luzia, com o valor de R$301.227,48.<\/p>\n<p>&nbsp;<\/p>\n<p>Juiz de Fora vivenciou o per\u00edodo chuvoso mais intenso dos \u00faltimos 38 anos. Em janeiro, a Defesa Civil atendeu mais de 600 ocorr\u00eancias, sendo as regi\u00f5es Leste e Norte as mais afetadas. Em apenas uma semana, do dia 7 ao dia 11 de janeiro, choveu 62% do esperado para todo o m\u00eas. A PJF declarou estado de emerg\u00eancia na cidade e as equipes se empenharam para atenuar os impactos da chuva, que felizmente n\u00e3o deixaram ningu\u00e9m desabrigado no munic\u00edpio.<\/p>\n<p>&nbsp;<\/p>\n<p><strong>Como a PJF conseguiu o recurso?<\/strong><\/p>\n<p>&nbsp;<\/p>\n<p>A capta\u00e7\u00e3o de recursos exige, inicialmente, que a situa\u00e7\u00e3o de emerg\u00eancia decretada no munic\u00edpio seja reconhecida pela Defesa Civil Nacional. Para isso, a Secretaria de Governo (SG) da PJF, atrav\u00e9s da Defesa Civil, enviou um amplo relat\u00f3rio comprovando os danos causados pelas chuvas em janeiro e informando todas as \u00e1reas afetadas. O decreto de emerg\u00eancia foi reconhecido e, em seguida, a PJF precisou enviar um plano de trabalho de reconstru\u00e7\u00e3o para ser avaliado pelo Governo Federal, no qual \u00e9 exigido relat\u00f3rio t\u00e9cnico, memorial descritivo, croqui do projeto e estimativa de custos.<\/p>\n<p>&nbsp;<\/p>\n<p>Para a elabora\u00e7\u00e3o do plano de trabalho, a PJF empenhou uma grande equipe de engenheiros e a atividade foi executada e supervisionada pelo setor de engenharia da Defesa Civil. Como explica a secret\u00e1ria de governo, Cidinha Louzada, \u00e9 a primeira vez que a Prefeitura de Juiz de Fora consegue captar recursos federais para realizar obras de reconstru\u00e7\u00e3o ap\u00f3s desastres causados pelas chuvas. \u201cMontar relat\u00f3rios, croquis e propostas envolveu o trabalho de dezenas de profissionais de engenharia, que mantiveram contato constante com a Defesa Civil Nacional para executar as exig\u00eancias solicitadas no tempo h\u00e1bil. Trabalhamos intensamente para buscar os recursos necess\u00e1rios porque sabemos como as obras mudar\u00e3o a vida da popula\u00e7\u00e3o. Isso \u00e9 prioridade nesta administra\u00e7\u00e3o\u201d, pontua.<\/p>\n","protected":false},"excerpt":{"rendered":"<p>Segundo informa\u00e7\u00f5es do site da Prefeitura de Juiz de Fora (PJF), foram captados pela Prefeitura de Juiz de Fora (PJF) R$ 7.774.538,08 milh\u00f5es em recursos federais para serem aplicados na reconstru\u00e7\u00e3o de \u00e1reas afetadas pelas chuvas de janeiro. O valor ser\u00e1 empregado em oito obras, que ser\u00e3o realizadas nos seguintes bairros: Ponte Preta; Santa Luzia; [&hellip;]<\/p>\n","protected":false},"author":246,"featured_media":201331,"comment_status":"closed","ping_status":"closed","sticky":false,"template":"","format":"standard","meta":{"footnotes":""},"categories":[253,436,440,439],"tags":[],"class_list":["post-201330","post","type-post","status-publish","format-standard","has-post-thumbnail","hentry","category-cidade","category-destaque-da-semana","category-destaques-do-dia","category-ultima-hora"],"_links":{"self":[{"href":"https:\/\/diarioregionaldigital.com.br\/index.php?rest_route=\/wp\/v2\/posts\/201330","targetHints":{"allow":["GET"]}}],"collection":[{"href":"https:\/\/diarioregionaldigital.com.br\/index.php?rest_route=\/wp\/v2\/posts"}],"about":[{"href":"https:\/\/diarioregionaldigital.com.br\/index.php?rest_route=\/wp\/v2\/types\/post"}],"author":[{"embeddable":true,"href":"https:\/\/diarioregionaldigital.com.br\/index.php?rest_route=\/wp\/v2\/users\/246"}],"replies":[{"embeddable":true,"href":"https:\/\/diarioregionaldigital.com.br\/index.php?rest_route=%2Fwp%2Fv2%2Fcomments&post=201330"}],"version-history":[{"count":1,"href":"https:\/\/diarioregionaldigital.com.br\/index.php?rest_route=\/wp\/v2\/posts\/201330\/revisions"}],"predecessor-version":[{"id":201332,"href":"https:\/\/diarioregionaldigital.com.br\/index.php?rest_route=\/wp\/v2\/posts\/201330\/revisions\/201332"}],"wp:featuredmedia":[{"embeddable":true,"href":"https:\/\/diarioregionaldigital.com.br\/index.php?rest_route=\/wp\/v2\/media\/201331"}],"wp:attachment":[{"href":"https:\/\/diarioregionaldigital.com.br\/index.php?rest_route=%2Fwp%2Fv2%2Fmedia&parent=201330"}],"wp:term":[{"taxonomy":"category","embeddable":true,"href":"https:\/\/diarioregionaldigital.com.br\/index.php?rest_route=%2Fwp%2Fv2%2Fcategories&post=201330"},{"taxonomy":"post_tag","embeddable":true,"href":"https:\/\/diarioregionaldigital.com.br\/index.php?rest_route=%2Fwp%2Fv2%2Ftags&post=201330"}],"curies":[{"name":"wp","href":"https:\/\/api.w.org\/{rel}","templated":true}]}}