{"id":201327,"date":"2022-07-07T22:05:57","date_gmt":"2022-07-08T01:05:57","guid":{"rendered":"https:\/\/diarioregionaldigital.com.br\/?p=201327"},"modified":"2022-07-07T22:05:57","modified_gmt":"2022-07-08T01:05:57","slug":"santos-anuncia-a-saida-do-tecnico-fabian-bustos","status":"publish","type":"post","link":"https:\/\/diarioregionaldigital.com.br\/?p=201327","title":{"rendered":"Santos anuncia a sa\u00edda do t\u00e9cnico Fabi\u00e1n Bustos"},"content":{"rendered":"<p>Um dia ap\u00f3s ser desclassificado da Copa Sul-Americana, o Santos anunciou nesta quinta-feira (7) as sa\u00eddas do t\u00e9cnico argentino Fabi\u00e1n Bustos e do executivo de futebol Edu Dracena.<img decoding=\"async\" src=\"https:\/\/agenciabrasil.ebc.com.br\/ebc.png?id=1469825&amp;o=node\" \/><img decoding=\"async\" src=\"https:\/\/agenciabrasil.ebc.com.br\/ebc.gif?id=1469825&amp;o=node\" \/><\/p>\n<p>Em nota, o Peixe afirmou que tamb\u00e9m \u201csaem os auxiliares Lucas Ochandorena e Carlos Caicedo, o preparador f\u00edsico Marcos Conenna, o gerente de futebol Guilherme Lipi e o assessor do gerente Arnaldo Hase\u201d.<\/p>\n<p>As mudan\u00e7as no Santos s\u00e3o realizadas um dia ap\u00f3s a elimina\u00e7\u00e3o nas oitavas de final da competi\u00e7\u00e3o continental, quando a equipe da Vila Belmiro foi superada por 4 a 2 na disputa de p\u00eanaltis pelo Deportivo T\u00e1chira (Venezuela).<\/p>\n<p>\u201cPara o jogo deste domingo [10], contra o Atl\u00e9tico Goianiense, o auxiliar t\u00e9cnico da comiss\u00e3o fixa, Marcelo Fernandes, comanda o time na Vila Belmiro\u201d, informou o Santos.<\/p>\n<p><span style=\"font-weight: 400;\">Fonte: Ag\u00eancia Brasil\u00a0<\/span><span style=\"font-weight: 400;\"><br \/>\n<\/span><\/p>\n","protected":false},"excerpt":{"rendered":"<p>Um dia ap\u00f3s ser desclassificado da Copa Sul-Americana, o Santos anunciou nesta quinta-feira (7) as sa\u00eddas do t\u00e9cnico argentino Fabi\u00e1n Bustos e do executivo de futebol Edu Dracena. Em nota, o Peixe afirmou que tamb\u00e9m \u201csaem os auxiliares Lucas Ochandorena e Carlos Caicedo, o preparador f\u00edsico Marcos Conenna, o gerente de futebol Guilherme Lipi e [&hellip;]<\/p>\n","protected":false},"author":246,"featured_media":201328,"comment_status":"closed","ping_status":"closed","sticky":false,"template":"","format":"standard","meta":{"footnotes":""},"categories":[436,257,439],"tags":[],"class_list":["post-201327","post","type-post","status-publish","format-standard","has-post-thumbnail","hentry","category-destaque-da-semana","category-esporte","category-ultima-hora"],"_links":{"self":[{"href":"https:\/\/diarioregionaldigital.com.br\/index.php?rest_route=\/wp\/v2\/posts\/201327","targetHints":{"allow":["GET"]}}],"collection":[{"href":"https:\/\/diarioregionaldigital.com.br\/index.php?rest_route=\/wp\/v2\/posts"}],"about":[{"href":"https:\/\/diarioregionaldigital.com.br\/index.php?rest_route=\/wp\/v2\/types\/post"}],"author":[{"embeddable":true,"href":"https:\/\/diarioregionaldigital.com.br\/index.php?rest_route=\/wp\/v2\/users\/246"}],"replies":[{"embeddable":true,"href":"https:\/\/diarioregionaldigital.com.br\/index.php?rest_route=%2Fwp%2Fv2%2Fcomments&post=201327"}],"version-history":[{"count":1,"href":"https:\/\/diarioregionaldigital.com.br\/index.php?rest_route=\/wp\/v2\/posts\/201327\/revisions"}],"predecessor-version":[{"id":201329,"href":"https:\/\/diarioregionaldigital.com.br\/index.php?rest_route=\/wp\/v2\/posts\/201327\/revisions\/201329"}],"wp:featuredmedia":[{"embeddable":true,"href":"https:\/\/diarioregionaldigital.com.br\/index.php?rest_route=\/wp\/v2\/media\/201328"}],"wp:attachment":[{"href":"https:\/\/diarioregionaldigital.com.br\/index.php?rest_route=%2Fwp%2Fv2%2Fmedia&parent=201327"}],"wp:term":[{"taxonomy":"category","embeddable":true,"href":"https:\/\/diarioregionaldigital.com.br\/index.php?rest_route=%2Fwp%2Fv2%2Fcategories&post=201327"},{"taxonomy":"post_tag","embeddable":true,"href":"https:\/\/diarioregionaldigital.com.br\/index.php?rest_route=%2Fwp%2Fv2%2Ftags&post=201327"}],"curies":[{"name":"wp","href":"https:\/\/api.w.org\/{rel}","templated":true}]}}