{"id":201318,"date":"2022-07-07T22:01:36","date_gmt":"2022-07-08T01:01:36","guid":{"rendered":"https:\/\/diarioregionaldigital.com.br\/?p=201318"},"modified":"2022-07-07T22:01:36","modified_gmt":"2022-07-08T01:01:36","slug":"everton-cebolinha-diz-que-realiza-um-sonho-ao-acertar-com-o-flamengo","status":"publish","type":"post","link":"https:\/\/diarioregionaldigital.com.br\/?p=201318","title":{"rendered":"Everton Cebolinha diz que realiza um sonho ao acertar com o Flamengo"},"content":{"rendered":"<p>O Flamengo apresentou oficialmente, nesta quinta-feira (7) em entrevista coletiva no Ninho do Urubu, o atacante Everton Cebolinha. O jogador, que veio do Benfica (Portugal), afirmou estar realizando um sonho ao vestir a camisa do Rubro-Negro.<img decoding=\"async\" src=\"https:\/\/agenciabrasil.ebc.com.br\/ebc.png?id=1469840&amp;o=node\" \/><img decoding=\"async\" src=\"https:\/\/agenciabrasil.ebc.com.br\/ebc.gif?id=1469840&amp;o=node\" \/><\/p>\n<p>\u201cEstou muito feliz de realizar esse sonho, que \u00e9 vestir a camisa do Flamengo. Todo grande jogador sonha com isso. \u00c9 uma camisa muito pesada mundialmente, de muita tradi\u00e7\u00e3o. Sempre foi um sonho meu, e hoje o estou realizando\u201d, declarou o jogador, que assinou contrato at\u00e9 2026.<\/p>\n<h2>Refor\u00e7o nas Laranjeiras<\/h2>\n<p>Quem tamb\u00e9m apresentou um refor\u00e7o para o ataque nesta quinta foi o Fluminense, que acertou com Marrony. O jogador de 23 anos foi emprestado por um ano pelo Midtjylland (Dinamarca).<\/p>\n<p>\u201cEstou muito feliz e com uma expectativa gigante. Chego em um momento especial para mim e para minha fam\u00edlia. Podem ter certeza de que vou dar meu m\u00e1ximo para ajudar bastante o Fluminense. Que o time siga evoluindo e que eu possa contribuir para grandes atua\u00e7\u00f5es e vit\u00f3rias\u201d, declarou o atacante, que teve passagens pelo Vasco e pelo Atl\u00e9tico-MG.<\/p>\n<p><span style=\"font-weight: 400;\"><br \/>\n<\/span><span style=\"font-weight: 400;\">Fonte: Ag\u00eancia Brasil <\/span><\/p>\n","protected":false},"excerpt":{"rendered":"<p>O Flamengo apresentou oficialmente, nesta quinta-feira (7) em entrevista coletiva no Ninho do Urubu, o atacante Everton Cebolinha. O jogador, que veio do Benfica (Portugal), afirmou estar realizando um sonho ao vestir a camisa do Rubro-Negro. \u201cEstou muito feliz de realizar esse sonho, que \u00e9 vestir a camisa do Flamengo. Todo grande jogador sonha com [&hellip;]<\/p>\n","protected":false},"author":246,"featured_media":201320,"comment_status":"closed","ping_status":"closed","sticky":false,"template":"","format":"standard","meta":{"footnotes":""},"categories":[436,257,439],"tags":[],"class_list":["post-201318","post","type-post","status-publish","format-standard","has-post-thumbnail","hentry","category-destaque-da-semana","category-esporte","category-ultima-hora"],"_links":{"self":[{"href":"https:\/\/diarioregionaldigital.com.br\/index.php?rest_route=\/wp\/v2\/posts\/201318","targetHints":{"allow":["GET"]}}],"collection":[{"href":"https:\/\/diarioregionaldigital.com.br\/index.php?rest_route=\/wp\/v2\/posts"}],"about":[{"href":"https:\/\/diarioregionaldigital.com.br\/index.php?rest_route=\/wp\/v2\/types\/post"}],"author":[{"embeddable":true,"href":"https:\/\/diarioregionaldigital.com.br\/index.php?rest_route=\/wp\/v2\/users\/246"}],"replies":[{"embeddable":true,"href":"https:\/\/diarioregionaldigital.com.br\/index.php?rest_route=%2Fwp%2Fv2%2Fcomments&post=201318"}],"version-history":[{"count":2,"href":"https:\/\/diarioregionaldigital.com.br\/index.php?rest_route=\/wp\/v2\/posts\/201318\/revisions"}],"predecessor-version":[{"id":201322,"href":"https:\/\/diarioregionaldigital.com.br\/index.php?rest_route=\/wp\/v2\/posts\/201318\/revisions\/201322"}],"wp:featuredmedia":[{"embeddable":true,"href":"https:\/\/diarioregionaldigital.com.br\/index.php?rest_route=\/wp\/v2\/media\/201320"}],"wp:attachment":[{"href":"https:\/\/diarioregionaldigital.com.br\/index.php?rest_route=%2Fwp%2Fv2%2Fmedia&parent=201318"}],"wp:term":[{"taxonomy":"category","embeddable":true,"href":"https:\/\/diarioregionaldigital.com.br\/index.php?rest_route=%2Fwp%2Fv2%2Fcategories&post=201318"},{"taxonomy":"post_tag","embeddable":true,"href":"https:\/\/diarioregionaldigital.com.br\/index.php?rest_route=%2Fwp%2Fv2%2Ftags&post=201318"}],"curies":[{"name":"wp","href":"https:\/\/api.w.org\/{rel}","templated":true}]}}