{"id":201315,"date":"2022-07-07T21:59:27","date_gmt":"2022-07-08T00:59:27","guid":{"rendered":"https:\/\/diarioregionaldigital.com.br\/?p=201315"},"modified":"2022-07-07T21:59:27","modified_gmt":"2022-07-08T00:59:27","slug":"brasil-vence-canada-e-embala-na-liga-das-nacoes","status":"publish","type":"post","link":"https:\/\/diarioregionaldigital.com.br\/?p=201315","title":{"rendered":"Brasil vence Canad\u00e1 e embala na Liga das Na\u00e7\u00f5es"},"content":{"rendered":"<p>A sele\u00e7\u00e3o brasileira masculina de v\u00f4lei praticamente garantiu uma vaga nas quartas de final da Ligas das Na\u00e7\u00f5es. Com uma vit\u00f3ria por 3 sets a 0 sobre o Canad\u00e1, na manh\u00e3 desta quinta-feira (7), o Brasil chegou \u00e0 quinta coloca\u00e7\u00e3o, com 21 pontos conquistados, sete vit\u00f3rias e tr\u00eas derrotas. A terceira semana da competi\u00e7\u00e3o est\u00e1 sendo disputada em Osaka (Jap\u00e3o), e os oito primeiros colocados passam para a pr\u00f3xima fase, que ser\u00e1 realizada em Bolonha (It\u00e1lia) entre 20 e 24 de julho.<img decoding=\"async\" src=\"https:\/\/agenciabrasil.ebc.com.br\/ebc.png?id=1469805&amp;o=node\" \/><img decoding=\"async\" src=\"https:\/\/agenciabrasil.ebc.com.br\/ebc.gif?id=1469805&amp;o=node\" \/><\/p>\n<p>Empolgada ap\u00f3s vencer a Alemanha por 3 a 1, a sele\u00e7\u00e3o brasileira passou pelos canadenses sem muita dificuldade. Com parciais de 25\/18, 25\/19 e 26\/16, o time do t\u00e9cnico Renan Dal Zotto precisou de apenas 1h27min para fechar o jogo. Leal foi o maior pontuador da partida, com 15 pontos, sendo 13 de ataque, um de bloqueio e um de saque.<\/p>\n<p>O levantador Bruninho comemorou a vit\u00f3ria: \u201cEsta vit\u00f3ria nos deu tr\u00eas pontos que praticamente nos classificam \u00e0 fase final. O Canad\u00e1 \u00e9 uma equipe que tem um volume grande de jogo, saca forte e coloca press\u00e3o no advers\u00e1rio. Era um jogo de paci\u00eancia e n\u00f3s tivemos. Conseguimos controlar a press\u00e3o, tivemos um saque que entrou pesado e deixou o advers\u00e1rio pressionado e, de uma certa maneira, acuado\u201d.<\/p>\n<p>O triunfo d\u00e1 moral para o confronto da madrugada desta sexta-feira (8), a partir das 3h40 (hor\u00e1rio de Bras\u00edlia), contra a Fran\u00e7a. Os franceses tamb\u00e9m entraram em quadra nesta quinta-feira e foram derrotados pelos Estados Unidos por 3 sets a 2. As duas equipes est\u00e3o \u00e0 frente do Brasil, com 22 pontos cada. A It\u00e1lia, que derrotou o Ir\u00e3 por 3 sets a 1, lidera a classifica\u00e7\u00e3o com 25 pontos.<\/p>\n<p>O Brasil encerra a participa\u00e7\u00e3o nesta fase da Liga das Na\u00e7\u00f5es no pr\u00f3ximo domingo (10), a partir das 7h10, contra o Jap\u00e3o.<\/p>\n<p><span style=\"font-weight: 400;\">Fonte: Ag\u00eancia Brasil <\/span><\/p>\n","protected":false},"excerpt":{"rendered":"<p>A sele\u00e7\u00e3o brasileira masculina de v\u00f4lei praticamente garantiu uma vaga nas quartas de final da Ligas das Na\u00e7\u00f5es. Com uma vit\u00f3ria por 3 sets a 0 sobre o Canad\u00e1, na manh\u00e3 desta quinta-feira (7), o Brasil chegou \u00e0 quinta coloca\u00e7\u00e3o, com 21 pontos conquistados, sete vit\u00f3rias e tr\u00eas derrotas. A terceira semana da competi\u00e7\u00e3o est\u00e1 [&hellip;]<\/p>\n","protected":false},"author":246,"featured_media":201316,"comment_status":"closed","ping_status":"closed","sticky":false,"template":"","format":"standard","meta":{"footnotes":""},"categories":[436,257,439],"tags":[],"class_list":["post-201315","post","type-post","status-publish","format-standard","has-post-thumbnail","hentry","category-destaque-da-semana","category-esporte","category-ultima-hora"],"_links":{"self":[{"href":"https:\/\/diarioregionaldigital.com.br\/index.php?rest_route=\/wp\/v2\/posts\/201315","targetHints":{"allow":["GET"]}}],"collection":[{"href":"https:\/\/diarioregionaldigital.com.br\/index.php?rest_route=\/wp\/v2\/posts"}],"about":[{"href":"https:\/\/diarioregionaldigital.com.br\/index.php?rest_route=\/wp\/v2\/types\/post"}],"author":[{"embeddable":true,"href":"https:\/\/diarioregionaldigital.com.br\/index.php?rest_route=\/wp\/v2\/users\/246"}],"replies":[{"embeddable":true,"href":"https:\/\/diarioregionaldigital.com.br\/index.php?rest_route=%2Fwp%2Fv2%2Fcomments&post=201315"}],"version-history":[{"count":2,"href":"https:\/\/diarioregionaldigital.com.br\/index.php?rest_route=\/wp\/v2\/posts\/201315\/revisions"}],"predecessor-version":[{"id":201319,"href":"https:\/\/diarioregionaldigital.com.br\/index.php?rest_route=\/wp\/v2\/posts\/201315\/revisions\/201319"}],"wp:featuredmedia":[{"embeddable":true,"href":"https:\/\/diarioregionaldigital.com.br\/index.php?rest_route=\/wp\/v2\/media\/201316"}],"wp:attachment":[{"href":"https:\/\/diarioregionaldigital.com.br\/index.php?rest_route=%2Fwp%2Fv2%2Fmedia&parent=201315"}],"wp:term":[{"taxonomy":"category","embeddable":true,"href":"https:\/\/diarioregionaldigital.com.br\/index.php?rest_route=%2Fwp%2Fv2%2Fcategories&post=201315"},{"taxonomy":"post_tag","embeddable":true,"href":"https:\/\/diarioregionaldigital.com.br\/index.php?rest_route=%2Fwp%2Fv2%2Ftags&post=201315"}],"curies":[{"name":"wp","href":"https:\/\/api.w.org\/{rel}","templated":true}]}}