{"id":201305,"date":"2022-07-07T21:50:17","date_gmt":"2022-07-08T00:50:17","guid":{"rendered":"https:\/\/diarioregionaldigital.com.br\/?p=201305"},"modified":"2022-07-07T21:50:17","modified_gmt":"2022-07-08T00:50:17","slug":"senado-aprova-credito-consignado-para-beneficiario-do-auxilio-brasil","status":"publish","type":"post","link":"https:\/\/diarioregionaldigital.com.br\/?p=201305","title":{"rendered":"Senado aprova cr\u00e9dito consignado para benefici\u00e1rio do Aux\u00edlio Brasil"},"content":{"rendered":"<p>O Senado aprovou nesta quinta-feira (7) a\u00a0<a href=\"https:\/\/www.in.gov.br\/en\/web\/dou\/-\/medida-provisoria-n-1.106-de-17-de-marco-de-2022-386717840\" target=\"_blank\" rel=\"noopener\">medida provis\u00f3ria<\/a>\u00a0que aumenta o limite de cr\u00e9dito consignado para os assalariados e autoriza essa modalidade de empr\u00e9stimo para quem recebe o Benef\u00edcio de Presta\u00e7\u00e3o Continuada (BPC), a Renda Mensal Vital\u00edcia (RMC) e o Aux\u00edlio Brasil. A mat\u00e9ria segue para san\u00e7\u00e3o presidencial.<img decoding=\"async\" src=\"https:\/\/agenciabrasil.ebc.com.br\/ebc.png?id=1469776&amp;o=node\" \/><img decoding=\"async\" src=\"https:\/\/agenciabrasil.ebc.com.br\/ebc.gif?id=1469776&amp;o=node\" \/><\/p>\n<p>O texto aprovado prev\u00ea o aumento de 35% para 40% a margem consign\u00e1vel dos empregados celetistas, servidores p\u00fablicos ativos e inativos, pensionistas, militares e empregados p\u00fablicos.<\/p>\n<p>Os aposentados do Regime Geral de Previd\u00eancia ter\u00e3o a margem ampliada de 40% para 45%, mesmo valor aplicado a quem recebe BPC ou Renda Mensal Vital\u00edcia. Em todos esses casos, 5% \u00e9 reservado para opera\u00e7\u00f5es com cart\u00f5es de cr\u00e9dito consignado.<\/p>\n<p>A mat\u00e9ria tamb\u00e9m inclui benefici\u00e1rios do Aux\u00edlio Brasil, que poder\u00e3o fazer empr\u00e9stimos de at\u00e9 40% do valor do benef\u00edcio, sendo que a responsabilidade sobre a d\u00edvida n\u00e3o poder\u00e1 cair sobre a Uni\u00e3o.<\/p>\n<h2>Consignado<\/h2>\n<p>O empr\u00e9stimo consignado \u00e9 concedido com desconto autom\u00e1tico das parcelas em folha de pagamento ou benef\u00edcio, sendo que o limite m\u00e1ximo que poder\u00e1 ser comprometido pelo desconto em folha \u00e9 a margem consignada. O cart\u00e3o de cr\u00e9dito consignado funciona como um cart\u00e3o de cr\u00e9dito na hora da compra, mas a d\u00edvida \u00e9 descontada automaticamente do sal\u00e1rio.<\/p>\n<p><span style=\"font-weight: 400;\">Fonte: Ag\u00eancia Brasil <\/span><\/p>\n","protected":false},"excerpt":{"rendered":"<p>O Senado aprovou nesta quinta-feira (7) a\u00a0medida provis\u00f3ria\u00a0que aumenta o limite de cr\u00e9dito consignado para os assalariados e autoriza essa modalidade de empr\u00e9stimo para quem recebe o Benef\u00edcio de Presta\u00e7\u00e3o Continuada (BPC), a Renda Mensal Vital\u00edcia (RMC) e o Aux\u00edlio Brasil. A mat\u00e9ria segue para san\u00e7\u00e3o presidencial. O texto aprovado prev\u00ea o aumento de 35% [&hellip;]<\/p>\n","protected":false},"author":246,"featured_media":201306,"comment_status":"closed","ping_status":"closed","sticky":false,"template":"","format":"standard","meta":{"footnotes":""},"categories":[436,254,439],"tags":[],"class_list":["post-201305","post","type-post","status-publish","format-standard","has-post-thumbnail","hentry","category-destaque-da-semana","category-politica","category-ultima-hora"],"_links":{"self":[{"href":"https:\/\/diarioregionaldigital.com.br\/index.php?rest_route=\/wp\/v2\/posts\/201305","targetHints":{"allow":["GET"]}}],"collection":[{"href":"https:\/\/diarioregionaldigital.com.br\/index.php?rest_route=\/wp\/v2\/posts"}],"about":[{"href":"https:\/\/diarioregionaldigital.com.br\/index.php?rest_route=\/wp\/v2\/types\/post"}],"author":[{"embeddable":true,"href":"https:\/\/diarioregionaldigital.com.br\/index.php?rest_route=\/wp\/v2\/users\/246"}],"replies":[{"embeddable":true,"href":"https:\/\/diarioregionaldigital.com.br\/index.php?rest_route=%2Fwp%2Fv2%2Fcomments&post=201305"}],"version-history":[{"count":2,"href":"https:\/\/diarioregionaldigital.com.br\/index.php?rest_route=\/wp\/v2\/posts\/201305\/revisions"}],"predecessor-version":[{"id":201308,"href":"https:\/\/diarioregionaldigital.com.br\/index.php?rest_route=\/wp\/v2\/posts\/201305\/revisions\/201308"}],"wp:featuredmedia":[{"embeddable":true,"href":"https:\/\/diarioregionaldigital.com.br\/index.php?rest_route=\/wp\/v2\/media\/201306"}],"wp:attachment":[{"href":"https:\/\/diarioregionaldigital.com.br\/index.php?rest_route=%2Fwp%2Fv2%2Fmedia&parent=201305"}],"wp:term":[{"taxonomy":"category","embeddable":true,"href":"https:\/\/diarioregionaldigital.com.br\/index.php?rest_route=%2Fwp%2Fv2%2Fcategories&post=201305"},{"taxonomy":"post_tag","embeddable":true,"href":"https:\/\/diarioregionaldigital.com.br\/index.php?rest_route=%2Fwp%2Fv2%2Ftags&post=201305"}],"curies":[{"name":"wp","href":"https:\/\/api.w.org\/{rel}","templated":true}]}}