{"id":201301,"date":"2022-07-07T21:47:58","date_gmt":"2022-07-08T00:47:58","guid":{"rendered":"https:\/\/diarioregionaldigital.com.br\/?p=201301"},"modified":"2022-07-07T21:47:58","modified_gmt":"2022-07-08T00:47:58","slug":"deputados-comecam-a-discutir-pec-que-concede-beneficios-sociais","status":"publish","type":"post","link":"https:\/\/diarioregionaldigital.com.br\/?p=201301","title":{"rendered":"Deputados come\u00e7am a discutir PEC que concede benef\u00edcios sociais"},"content":{"rendered":"<p>Come\u00e7ou no fim da tarde de hoje (7), no plen\u00e1rio da C\u00e2mara dos Deputados, a vota\u00e7\u00e3o da Proposta de Emenda \u00e0 Constitui\u00e7\u00e3o (PEC) 15, com medidas para a redu\u00e7\u00e3o do valor dos combust\u00edveis e o pagamento de benef\u00edcios sociais at\u00e9 o fim do ano.\u00a0<a href=\"https:\/\/agenciabrasil.ebc.com.br\/politica\/noticia\/2022-07\/comissao-especial-da-camara-aprova-pec-que-concede-beneficios-sociais\" target=\"_blank\" rel=\"noopener\">O texto foi aprovado horas antes em comiss\u00e3o especial da Casa<\/a>\u00a0e seguiu para o plen\u00e1rio.<img decoding=\"async\" src=\"https:\/\/agenciabrasil.ebc.com.br\/ebc.png?id=1469844&amp;o=node\" \/><img decoding=\"async\" src=\"https:\/\/agenciabrasil.ebc.com.br\/ebc.gif?id=1469844&amp;o=node\" \/><\/p>\n<p>A mat\u00e9ria consolida as reda\u00e7\u00f5es de duas PECs, a\u00a0<a href=\"https:\/\/legis.senado.leg.br\/sdleg-getter\/documento?dm=9170121&amp;ts=1656553647191&amp;disposition=inline\" target=\"_blank\" rel=\"noopener\">15\/22<\/a>\u00a0e a\u00a0<a href=\"https:\/\/legis.senado.leg.br\/sdleg-getter\/documento?dm=9065773&amp;ts=1657205650555&amp;disposition=inline\" target=\"_blank\" rel=\"noopener\">1\/22<\/a>, sem alterar o m\u00e9rito j\u00e1 aprovado no Senado para a PEC 1\/22. A sess\u00e3o come\u00e7ou com a tentativa de parlamentares anularem o apensamento da PEC 1, que prev\u00ea o pagamento dos benef\u00edcios sociais, \u00e0 PEC 15, que trata dos combust\u00edveis e j\u00e1 estava em est\u00e1gio adiantado de tramita\u00e7\u00e3o na C\u00e2mara. Eles consideraram o apensamento das duas mat\u00e9rias contr\u00e1rio ao regimento interno da Casa. Mas o presidente Arthur Lira rejeitou todas as tentativas de evitar a vota\u00e7\u00e3o no dia de hoje.<\/p>\n<p>Os deputados est\u00e3o na fase de discuss\u00e3o do m\u00e9rito. Na pr\u00e1tica, a medida permite ao governo ampliar benef\u00edcios sociais que n\u00e3o seriam autorizados em ano eleitoral. Segundo a legisla\u00e7\u00e3o, n\u00e3o pode haver concess\u00e3o de novos benef\u00edcios ou distribui\u00e7\u00e3o de valores em ano eleitoral, a n\u00e3o ser em casos excepcionais, como estado de emerg\u00eancia. O dispositivo que permitiria esse pagamento prev\u00ea a decreta\u00e7\u00e3o de estado de emerg\u00eancia no pa\u00eds at\u00e9 31 de dezembro, justificado pela eleva\u00e7\u00e3o \u201cextraordin\u00e1ria e imprevis\u00edvel\u201d dos pre\u00e7os do petr\u00f3leo, combust\u00edveis e seus impactos sociais.<\/p>\n<p>H\u00e1 a previs\u00e3o da Aux\u00edlio Brasil de R$ 600; aux\u00edlio de R$ 1 mil para caminhoneiros; vale-g\u00e1s de cozinha e refor\u00e7o ao programa Alimenta Brasil, al\u00e9m de recursos extras para taxistas, financiamento da gratuidade no transporte coletivo de idosos e compensa\u00e7\u00f5es para os estados que reduzirem a carga tribut\u00e1ria dos biocombust\u00edveis.<\/p>\n<p><span style=\"font-weight: 400;\">Fonte: Ag\u00eancia Brasil\u00a0<\/span><span style=\"font-weight: 400;\"><br \/>\n<\/span><\/p>\n","protected":false},"excerpt":{"rendered":"<p>Come\u00e7ou no fim da tarde de hoje (7), no plen\u00e1rio da C\u00e2mara dos Deputados, a vota\u00e7\u00e3o da Proposta de Emenda \u00e0 Constitui\u00e7\u00e3o (PEC) 15, com medidas para a redu\u00e7\u00e3o do valor dos combust\u00edveis e o pagamento de benef\u00edcios sociais at\u00e9 o fim do ano.\u00a0O texto foi aprovado horas antes em comiss\u00e3o especial da Casa\u00a0e seguiu [&hellip;]<\/p>\n","protected":false},"author":246,"featured_media":201302,"comment_status":"closed","ping_status":"closed","sticky":false,"template":"","format":"standard","meta":{"footnotes":""},"categories":[436,440,254,439],"tags":[],"class_list":["post-201301","post","type-post","status-publish","format-standard","has-post-thumbnail","hentry","category-destaque-da-semana","category-destaques-do-dia","category-politica","category-ultima-hora"],"_links":{"self":[{"href":"https:\/\/diarioregionaldigital.com.br\/index.php?rest_route=\/wp\/v2\/posts\/201301","targetHints":{"allow":["GET"]}}],"collection":[{"href":"https:\/\/diarioregionaldigital.com.br\/index.php?rest_route=\/wp\/v2\/posts"}],"about":[{"href":"https:\/\/diarioregionaldigital.com.br\/index.php?rest_route=\/wp\/v2\/types\/post"}],"author":[{"embeddable":true,"href":"https:\/\/diarioregionaldigital.com.br\/index.php?rest_route=\/wp\/v2\/users\/246"}],"replies":[{"embeddable":true,"href":"https:\/\/diarioregionaldigital.com.br\/index.php?rest_route=%2Fwp%2Fv2%2Fcomments&post=201301"}],"version-history":[{"count":2,"href":"https:\/\/diarioregionaldigital.com.br\/index.php?rest_route=\/wp\/v2\/posts\/201301\/revisions"}],"predecessor-version":[{"id":201304,"href":"https:\/\/diarioregionaldigital.com.br\/index.php?rest_route=\/wp\/v2\/posts\/201301\/revisions\/201304"}],"wp:featuredmedia":[{"embeddable":true,"href":"https:\/\/diarioregionaldigital.com.br\/index.php?rest_route=\/wp\/v2\/media\/201302"}],"wp:attachment":[{"href":"https:\/\/diarioregionaldigital.com.br\/index.php?rest_route=%2Fwp%2Fv2%2Fmedia&parent=201301"}],"wp:term":[{"taxonomy":"category","embeddable":true,"href":"https:\/\/diarioregionaldigital.com.br\/index.php?rest_route=%2Fwp%2Fv2%2Fcategories&post=201301"},{"taxonomy":"post_tag","embeddable":true,"href":"https:\/\/diarioregionaldigital.com.br\/index.php?rest_route=%2Fwp%2Fv2%2Ftags&post=201301"}],"curies":[{"name":"wp","href":"https:\/\/api.w.org\/{rel}","templated":true}]}}