{"id":201297,"date":"2022-07-07T21:09:42","date_gmt":"2022-07-08T00:09:42","guid":{"rendered":"https:\/\/diarioregionaldigital.com.br\/?p=201297"},"modified":"2022-07-07T21:09:42","modified_gmt":"2022-07-08T00:09:42","slug":"dolar-cai-para-r-534-com-alivio-no-mercado-externo","status":"publish","type":"post","link":"https:\/\/diarioregionaldigital.com.br\/?p=201297","title":{"rendered":"D\u00f3lar cai para R$ 5,34 com al\u00edvio no mercado externo"},"content":{"rendered":"<p>Ap\u00f3s v\u00e1rios dias de turbul\u00eancia internacional, o mercado financeiro deu uma tr\u00e9gua nesta quinta-feira (7). O d\u00f3lar caiu pela primeira vez ap\u00f3s cinco altas seguidas e fechou abaixo de R$ 5,40. A bolsa de valores subiu mais de 2% e recuperou o n\u00edvel de 100 mil pontos.<\/p>\n<p>O d\u00f3lar comercial encerrou o dia vendido a R$ 5,345, com queda de R$ 0,07 (-1,42%). A cota\u00e7\u00e3o operou em baixa durante todo o dia, mas passou a cair ainda mais ap\u00f3s a abertura do mercado norte-americano. Na m\u00ednima do dia, por volta das 12h, chegou a ser vendida a R$ 5,33. Com o desempenho de hoje, o d\u00f3lar acumula alta de 2,01% em julho. Em 2022, a divisa cai 4,14%.<\/p>\n<p>No mercado de a\u00e7\u00f5es, o dia tamb\u00e9m foi marcado pelo al\u00edvio. O \u00edndice Ibovespa, da B3, fechou aos 100.730 pontos, com alta de 2.04%. O indicador foi impulsionado pelas commodities (bens prim\u00e1rios com cota\u00e7\u00e3o internacional), cujos pre\u00e7os se recuperaram nesta quinta com o arrefecimento do mercado externo.<\/p>\n<p>A divulga\u00e7\u00e3o de que os pedidos de seguro-desemprego subiram nos Estados Unidos na \u00faltima semana junho ajudou a reduzir as tens\u00f5es. Os dados indicam que as altas de juros do Federal Reserve (Fed, Banco Central norte-americano) est\u00e3o surtindo efeito e abriram a possibilidade de que a autoridade monet\u00e1ria n\u00e3o aumente os juros da maior economia do planeta mais que o previsto.<\/p>\n<p>Na ata da \u00faltima reuni\u00e3o, realizada no fim de junho, o Fed indicou que pode aumentar os juros em 0,5 ou em 0,75 ponto percentual na pr\u00f3xima reuni\u00e3o. Ontem (6), a divulga\u00e7\u00e3o do documento criou turbul\u00eancia no mercado financeiro, mas os dados do mercado de trabalho indicaram que o Fed pode elevar a taxa em 0,5 ponto no pr\u00f3ximo encontro. Juros mais altos em economias avan\u00e7adas estimulam a fuga de capitais de pa\u00edses emergentes, como o Brasil.<\/p>\n<p><span style=\"font-weight: 400;\">Fonte: Ag\u00eancia Brasil <\/span><\/p>\n","protected":false},"excerpt":{"rendered":"<p>Ap\u00f3s v\u00e1rios dias de turbul\u00eancia internacional, o mercado financeiro deu uma tr\u00e9gua nesta quinta-feira (7). O d\u00f3lar caiu pela primeira vez ap\u00f3s cinco altas seguidas e fechou abaixo de R$ 5,40. A bolsa de valores subiu mais de 2% e recuperou o n\u00edvel de 100 mil pontos. O d\u00f3lar comercial encerrou o dia vendido a [&hellip;]<\/p>\n","protected":false},"author":246,"featured_media":201298,"comment_status":"closed","ping_status":"closed","sticky":false,"template":"","format":"standard","meta":{"footnotes":""},"categories":[436,261,439],"tags":[],"class_list":["post-201297","post","type-post","status-publish","format-standard","has-post-thumbnail","hentry","category-destaque-da-semana","category-economia","category-ultima-hora"],"_links":{"self":[{"href":"https:\/\/diarioregionaldigital.com.br\/index.php?rest_route=\/wp\/v2\/posts\/201297","targetHints":{"allow":["GET"]}}],"collection":[{"href":"https:\/\/diarioregionaldigital.com.br\/index.php?rest_route=\/wp\/v2\/posts"}],"about":[{"href":"https:\/\/diarioregionaldigital.com.br\/index.php?rest_route=\/wp\/v2\/types\/post"}],"author":[{"embeddable":true,"href":"https:\/\/diarioregionaldigital.com.br\/index.php?rest_route=\/wp\/v2\/users\/246"}],"replies":[{"embeddable":true,"href":"https:\/\/diarioregionaldigital.com.br\/index.php?rest_route=%2Fwp%2Fv2%2Fcomments&post=201297"}],"version-history":[{"count":2,"href":"https:\/\/diarioregionaldigital.com.br\/index.php?rest_route=\/wp\/v2\/posts\/201297\/revisions"}],"predecessor-version":[{"id":201300,"href":"https:\/\/diarioregionaldigital.com.br\/index.php?rest_route=\/wp\/v2\/posts\/201297\/revisions\/201300"}],"wp:featuredmedia":[{"embeddable":true,"href":"https:\/\/diarioregionaldigital.com.br\/index.php?rest_route=\/wp\/v2\/media\/201298"}],"wp:attachment":[{"href":"https:\/\/diarioregionaldigital.com.br\/index.php?rest_route=%2Fwp%2Fv2%2Fmedia&parent=201297"}],"wp:term":[{"taxonomy":"category","embeddable":true,"href":"https:\/\/diarioregionaldigital.com.br\/index.php?rest_route=%2Fwp%2Fv2%2Fcategories&post=201297"},{"taxonomy":"post_tag","embeddable":true,"href":"https:\/\/diarioregionaldigital.com.br\/index.php?rest_route=%2Fwp%2Fv2%2Ftags&post=201297"}],"curies":[{"name":"wp","href":"https:\/\/api.w.org\/{rel}","templated":true}]}}