{"id":201294,"date":"2022-07-07T21:07:44","date_gmt":"2022-07-08T00:07:44","guid":{"rendered":"https:\/\/diarioregionaldigital.com.br\/?p=201294"},"modified":"2022-07-07T21:07:44","modified_gmt":"2022-07-08T00:07:44","slug":"atividade-economica-recua-044-em-abril-segundo-banco-central","status":"publish","type":"post","link":"https:\/\/diarioregionaldigital.com.br\/?p=201294","title":{"rendered":"Atividade econ\u00f4mica recua 0,44% em abril, segundo Banco Central"},"content":{"rendered":"<p>Indicador considerado como pr\u00e9via do Produto Interno Bruto (PIB, soma dos bens e dos servi\u00e7os produzidos no pa\u00eds), o \u00cdndice de Atividade Econ\u00f4mica do Banco Central (IBC-Br) recuou 0,44% em abril na compara\u00e7\u00e3o com o m\u00eas anterior. Em mar\u00e7o, o indicador registrou alta de 1,09%.<img decoding=\"async\" src=\"https:\/\/agenciabrasil.ebc.com.br\/ebc.png?id=1469821&amp;o=node\" \/><img decoding=\"async\" src=\"https:\/\/agenciabrasil.ebc.com.br\/ebc.gif?id=1469821&amp;o=node\" \/><\/p>\n<p>A compara\u00e7\u00e3o entre mar\u00e7o e abril \u00e9 dessazonalizada. Esse crit\u00e9rio desconsidera diferen\u00e7as de feriados e de oscila\u00e7\u00f5es da atividade econ\u00f4mica, t\u00edpicas de determinadas \u00e9pocas do ano.<\/p>\n<p>Apesar da queda mensal, o IBC-Br subiu 2,23% em rela\u00e7\u00e3o a abril do ano passado. Em 12 meses, o IBC-Br acumula alta de 3,46%. Na m\u00e9dia m\u00f3vel trimestral, indicador usado para captar tend\u00eancias, o IBC-Br teve alta de 0,45% de fevereiro a abril, em rela\u00e7\u00e3o ao per\u00edodo de janeiro a mar\u00e7o.<\/p>\n<p>Por causa da greve dos servidores do Banco Central (BC), o IBC-Br ficou dois meses sem ser publicado.\u00a0<a href=\"https:\/\/agenciabrasil.ebc.com.br\/economia\/noticia\/2022-07\/servidores-do-banco-central-confirmam-fim-da-greve\" target=\"_blank\" rel=\"noopener\">Com o fim do movimento, na ter\u00e7a-feira (5)<\/a>, a estat\u00edstica foi normalizada. O IBC-Br \u00e9 divulgado com defasagem de pouco mais de dois meses. Dessa forma, o indicador mais atualizado \u00e9 o de abril.<\/p>\n<p>Apesar de ser considerado uma pr\u00e9via da atividade econ\u00f4mica, o IBC-Br tem metodologia diferente dos n\u00fameros oficiais do PIB calculado pelo Instituto Brasileiro de Geografia Estat\u00edstica (IBGE). O Banco Central baseia-se em pesquisas setoriais (com\u00e9rcio, ind\u00fastria, servi\u00e7os) divulgada pelo IBGE para atualizar o IBC-Br a cada m\u00eas. O PIB \u00e9 divulgado a cada tr\u00eas meses, considerando dados de produ\u00e7\u00e3o, de renda e de consumo para toda a economia.<\/p>\n<p><span style=\"font-weight: 400;\">Fonte: Ag\u00eancia Brasil <\/span><\/p>\n","protected":false},"excerpt":{"rendered":"<p>Indicador considerado como pr\u00e9via do Produto Interno Bruto (PIB, soma dos bens e dos servi\u00e7os produzidos no pa\u00eds), o \u00cdndice de Atividade Econ\u00f4mica do Banco Central (IBC-Br) recuou 0,44% em abril na compara\u00e7\u00e3o com o m\u00eas anterior. Em mar\u00e7o, o indicador registrou alta de 1,09%. A compara\u00e7\u00e3o entre mar\u00e7o e abril \u00e9 dessazonalizada. Esse crit\u00e9rio [&hellip;]<\/p>\n","protected":false},"author":246,"featured_media":201295,"comment_status":"closed","ping_status":"closed","sticky":false,"template":"","format":"standard","meta":{"footnotes":""},"categories":[436,261,439],"tags":[],"class_list":["post-201294","post","type-post","status-publish","format-standard","has-post-thumbnail","hentry","category-destaque-da-semana","category-economia","category-ultima-hora"],"_links":{"self":[{"href":"https:\/\/diarioregionaldigital.com.br\/index.php?rest_route=\/wp\/v2\/posts\/201294","targetHints":{"allow":["GET"]}}],"collection":[{"href":"https:\/\/diarioregionaldigital.com.br\/index.php?rest_route=\/wp\/v2\/posts"}],"about":[{"href":"https:\/\/diarioregionaldigital.com.br\/index.php?rest_route=\/wp\/v2\/types\/post"}],"author":[{"embeddable":true,"href":"https:\/\/diarioregionaldigital.com.br\/index.php?rest_route=\/wp\/v2\/users\/246"}],"replies":[{"embeddable":true,"href":"https:\/\/diarioregionaldigital.com.br\/index.php?rest_route=%2Fwp%2Fv2%2Fcomments&post=201294"}],"version-history":[{"count":1,"href":"https:\/\/diarioregionaldigital.com.br\/index.php?rest_route=\/wp\/v2\/posts\/201294\/revisions"}],"predecessor-version":[{"id":201296,"href":"https:\/\/diarioregionaldigital.com.br\/index.php?rest_route=\/wp\/v2\/posts\/201294\/revisions\/201296"}],"wp:featuredmedia":[{"embeddable":true,"href":"https:\/\/diarioregionaldigital.com.br\/index.php?rest_route=\/wp\/v2\/media\/201295"}],"wp:attachment":[{"href":"https:\/\/diarioregionaldigital.com.br\/index.php?rest_route=%2Fwp%2Fv2%2Fmedia&parent=201294"}],"wp:term":[{"taxonomy":"category","embeddable":true,"href":"https:\/\/diarioregionaldigital.com.br\/index.php?rest_route=%2Fwp%2Fv2%2Fcategories&post=201294"},{"taxonomy":"post_tag","embeddable":true,"href":"https:\/\/diarioregionaldigital.com.br\/index.php?rest_route=%2Fwp%2Fv2%2Ftags&post=201294"}],"curies":[{"name":"wp","href":"https:\/\/api.w.org\/{rel}","templated":true}]}}