{"id":201286,"date":"2022-07-07T21:03:47","date_gmt":"2022-07-08T00:03:47","guid":{"rendered":"https:\/\/diarioregionaldigital.com.br\/?p=201286"},"modified":"2022-07-07T21:03:47","modified_gmt":"2022-07-08T00:03:47","slug":"tesouro-nacional-autoriza-adesao-de-mg-a-regime-de-recuperacao-fiscal","status":"publish","type":"post","link":"https:\/\/diarioregionaldigital.com.br\/?p=201286","title":{"rendered":"Tesouro Nacional autoriza ades\u00e3o de MG a regime de recupera\u00e7\u00e3o fiscal"},"content":{"rendered":"<p>O estado de Minas Gerais poder\u00e1 iniciar as negocia\u00e7\u00f5es com o Tesouro Nacional para aderir ao regime de recupera\u00e7\u00e3o fiscal (RRF). O Di\u00e1rio Oficial da Uni\u00e3o publicou\u00a0hoje\u00a0(7) despacho do secret\u00e1rio do Tesouro Nacional, Paulo Valle, considerando o estado habilitado a entrar no\u00a0<a href=\"https:\/\/www.in.gov.br\/web\/dou\/-\/despacho-de-6-de-julho-de-2022-413386172\" target=\"_blank\" rel=\"noopener\">programa<\/a>.<img decoding=\"async\" src=\"https:\/\/agenciabrasil.ebc.com.br\/ebc.png?id=1469809&amp;o=node\" \/><img decoding=\"async\" src=\"https:\/\/agenciabrasil.ebc.com.br\/ebc.gif?id=1469809&amp;o=node\" \/><\/p>\n<p>Agora, o governo mineiro poder\u00e1 elaborar uma proposta de ajuste fiscal a ser discutida com o Tesouro Nacional. O RRF permitir\u00e1 o parcelamento de cerca de R$ 30 bilh\u00f5es da d\u00edvida com a Uni\u00e3o, cujo pagamento est\u00e1 suspenso desde 2018 por liminar do Supremo Tribunal Federal (STF).<\/p>\n<p>A ades\u00e3o de Minas ao RRF s\u00f3 foi poss\u00edvel porque o ministro Nunes Marques, do Supremo Tribunal Federal (STF) concedeu, no \u00faltimo dia 1\u00ba, uma decis\u00e3o que permite ao governo estadual pedir a inclus\u00e3o no programa sem a necessidade de uma aprova\u00e7\u00e3o de uma lei pela Assembleia Legislativa de Minas. H\u00e1 anos, o plano de ajuste de gastos est\u00e1 parado no Legislativo local porque os deputados resistem a aprovar aspectos da proposta, como um plano de privatiza\u00e7\u00e3o de estatais mineiras.<\/p>\n<h2>Outros estados<\/h2>\n<p>Atualmente, Rio\u00a0de Janeiro\u00a0e Goi\u00e1s fazem parte do RRF.\u00a0<a href=\"https:\/\/agenciabrasil.ebc.com.br\/politica\/noticia\/2021-12\/presidente-assina-adesao-de-goias-plano-de-recuperacao-fiscal\" target=\"_blank\" rel=\"noopener\">Goi\u00e1s est\u00e1 no programa<\/a>\u00a0desde dezembro do ano passado. O\u00a0<a href=\"https:\/\/agenciabrasil.ebc.com.br\/geral\/noticia\/2022-06\/rio-fecha-acordo-com-uniao-sobre-plano-de-recuperacao-fiscal\" target=\"_blank\" rel=\"noopener\">Rio\u00a0de Janeiro\u00a0est\u00e1 no RRF<\/a>\u00a0desde 2017 e, no m\u00eas passado, fechou acordo com a Uni\u00e3o para continuar no regime especial, com a promessa de reequilibrar as contas locais nos pr\u00f3ximos dez anos.<\/p>\n<p>No m\u00eas passado, o governo federal homologou o plano de\u00a0<a href=\"https:\/\/agenciabrasil.ebc.com.br\/economia\/noticia\/2022-06\/plano-de-recuperacao-fiscal-do-rio-grande-do-sul-e-homologado\" target=\"_blank\" rel=\"noopener\">recupera\u00e7\u00e3o fiscal do Rio Grande do Sul<\/a>. O plano permite que o estado volte a pagar, de forma escalonada, a d\u00edvida da Uni\u00e3o, cujo pagamento estava suspenso por liminar do Supremo Tribunal Federal desde julho de 2017. Em troca, o governo ga\u00facho dever\u00e1 executar um programa de ajuste fiscal que prev\u00ea desestatiza\u00e7\u00f5es e reformas para reduzir os gastos locais.<\/p>\n<p><span style=\"font-weight: 400;\">Fonte: Ag\u00eancia Brasil <\/span><\/p>\n","protected":false},"excerpt":{"rendered":"<p>O estado de Minas Gerais poder\u00e1 iniciar as negocia\u00e7\u00f5es com o Tesouro Nacional para aderir ao regime de recupera\u00e7\u00e3o fiscal (RRF). O Di\u00e1rio Oficial da Uni\u00e3o publicou\u00a0hoje\u00a0(7) despacho do secret\u00e1rio do Tesouro Nacional, Paulo Valle, considerando o estado habilitado a entrar no\u00a0programa. Agora, o governo mineiro poder\u00e1 elaborar uma proposta de ajuste fiscal a ser [&hellip;]<\/p>\n","protected":false},"author":246,"featured_media":201287,"comment_status":"closed","ping_status":"closed","sticky":false,"template":"","format":"standard","meta":{"footnotes":""},"categories":[436,440,261,439],"tags":[],"class_list":["post-201286","post","type-post","status-publish","format-standard","has-post-thumbnail","hentry","category-destaque-da-semana","category-destaques-do-dia","category-economia","category-ultima-hora"],"_links":{"self":[{"href":"https:\/\/diarioregionaldigital.com.br\/index.php?rest_route=\/wp\/v2\/posts\/201286","targetHints":{"allow":["GET"]}}],"collection":[{"href":"https:\/\/diarioregionaldigital.com.br\/index.php?rest_route=\/wp\/v2\/posts"}],"about":[{"href":"https:\/\/diarioregionaldigital.com.br\/index.php?rest_route=\/wp\/v2\/types\/post"}],"author":[{"embeddable":true,"href":"https:\/\/diarioregionaldigital.com.br\/index.php?rest_route=\/wp\/v2\/users\/246"}],"replies":[{"embeddable":true,"href":"https:\/\/diarioregionaldigital.com.br\/index.php?rest_route=%2Fwp%2Fv2%2Fcomments&post=201286"}],"version-history":[{"count":2,"href":"https:\/\/diarioregionaldigital.com.br\/index.php?rest_route=\/wp\/v2\/posts\/201286\/revisions"}],"predecessor-version":[{"id":201289,"href":"https:\/\/diarioregionaldigital.com.br\/index.php?rest_route=\/wp\/v2\/posts\/201286\/revisions\/201289"}],"wp:featuredmedia":[{"embeddable":true,"href":"https:\/\/diarioregionaldigital.com.br\/index.php?rest_route=\/wp\/v2\/media\/201287"}],"wp:attachment":[{"href":"https:\/\/diarioregionaldigital.com.br\/index.php?rest_route=%2Fwp%2Fv2%2Fmedia&parent=201286"}],"wp:term":[{"taxonomy":"category","embeddable":true,"href":"https:\/\/diarioregionaldigital.com.br\/index.php?rest_route=%2Fwp%2Fv2%2Fcategories&post=201286"},{"taxonomy":"post_tag","embeddable":true,"href":"https:\/\/diarioregionaldigital.com.br\/index.php?rest_route=%2Fwp%2Fv2%2Ftags&post=201286"}],"curies":[{"name":"wp","href":"https:\/\/api.w.org\/{rel}","templated":true}]}}