{"id":201279,"date":"2022-07-06T21:57:34","date_gmt":"2022-07-07T00:57:34","guid":{"rendered":"https:\/\/diarioregionaldigital.com.br\/?p=201279"},"modified":"2022-07-06T21:57:34","modified_gmt":"2022-07-07T00:57:34","slug":"operacao-tapa-buracos-da-pjf-chega-a-estrada-elias-jose-mockdeci-no-bairro-nautico","status":"publish","type":"post","link":"https:\/\/diarioregionaldigital.com.br\/?p=201279","title":{"rendered":"Opera\u00e7\u00e3o tapa-buracos da PJF chega a estrada Elias Jos\u00e9 Mockdeci, no bairro N\u00e1utico"},"content":{"rendered":"<p>Segundo informa\u00e7\u00f5es do site da Prefeitura de Juiz de Fora (PJF), nesta quarta-feira, 6, a opera\u00e7\u00e3o tapa-buracos da Prefeitura de Juiz de Fora (PJF) chegou \u00e0 principal rua do bairro N\u00e1utico: a Elias Jos\u00e9 Mockdeci. Ainda no N\u00e1utico, al\u00e9m da opera\u00e7\u00e3o tapa-buracos, a Empresa Municipal de Pavimenta\u00e7\u00e3o e Urbanidades (Empav) tamb\u00e9m esteve no campo de futebol do bairro com servi\u00e7os de poda de grama e limpeza.<\/p>\n<p>Ainda nesta quarta, as equipes da PJF estiveram tamb\u00e9m em outros dez bairros, realizando os servi\u00e7os de recomposi\u00e7\u00e3o asf\u00e1ltica em cerca de 20 vias de Juiz de Fora.<br \/>\nVeja abaixo a lista completa de bairros atendidos nesta quarta-feira, 6:<\/p>\n<p>Marumbi<\/p>\n<p>Santa Rita<\/p>\n<p>Granjas Bet\u00e2nia<\/p>\n<p>Alto dos Passos<\/p>\n<p>S\u00e3o Mateus<\/p>\n<p>Carlos Chagas<\/p>\n<p>Cer\u00e2mica<\/p>\n<p>Bela Aurora<\/p>\n<p>Vila Olavo Costa<\/p>\n<p>Nova Germ\u00e2nia<\/p>\n<p>N\u00e1utico<\/p>\n<p>&nbsp;<\/p>\n<p>A\u00a0programa\u00e7\u00e3o di\u00e1ria de todas as atividades realizadas pela Empav pode ser acompanhada atrav\u00e9s da p\u00e1gina do Gabinete de A\u00e7\u00e3o e Di\u00e1logo Comunit\u00e1rio, pelo<strong><a href=\"https:\/\/www.pjf.mg.gov.br\/gabinetecomunitario\/#onde\" target=\"_blank\" rel=\"noopener\">\u00a0link<\/a><\/strong>.<\/p>\n<p>Todas as a\u00e7\u00f5es de reestrutura\u00e7\u00e3o, urbaniza\u00e7\u00e3o e zeladoria realizadas pela Empav fazem parte do Programa Boniteza. Voc\u00ea pode solicitar estes e outros servi\u00e7os atrav\u00e9s do Gabinete de A\u00e7\u00e3o e Di\u00e1logo Comunit\u00e1rio, que recebe e organiza pedidos relativos a interven\u00e7\u00f5es e melhorias urbanas. O contato pode ser feito por liga\u00e7\u00e3o telef\u00f4nica, pelo n\u00famero (32) 3690-7241 ou, ainda, via WhatsApp, utilizando o mesmo n\u00famero.<\/p>\n","protected":false},"excerpt":{"rendered":"<p>Segundo informa\u00e7\u00f5es do site da Prefeitura de Juiz de Fora (PJF), nesta quarta-feira, 6, a opera\u00e7\u00e3o tapa-buracos da Prefeitura de Juiz de Fora (PJF) chegou \u00e0 principal rua do bairro N\u00e1utico: a Elias Jos\u00e9 Mockdeci. Ainda no N\u00e1utico, al\u00e9m da opera\u00e7\u00e3o tapa-buracos, a Empresa Municipal de Pavimenta\u00e7\u00e3o e Urbanidades (Empav) tamb\u00e9m esteve no campo de [&hellip;]<\/p>\n","protected":false},"author":246,"featured_media":201280,"comment_status":"closed","ping_status":"closed","sticky":false,"template":"","format":"standard","meta":{"footnotes":""},"categories":[253,436,439],"tags":[],"class_list":["post-201279","post","type-post","status-publish","format-standard","has-post-thumbnail","hentry","category-cidade","category-destaque-da-semana","category-ultima-hora"],"_links":{"self":[{"href":"https:\/\/diarioregionaldigital.com.br\/index.php?rest_route=\/wp\/v2\/posts\/201279","targetHints":{"allow":["GET"]}}],"collection":[{"href":"https:\/\/diarioregionaldigital.com.br\/index.php?rest_route=\/wp\/v2\/posts"}],"about":[{"href":"https:\/\/diarioregionaldigital.com.br\/index.php?rest_route=\/wp\/v2\/types\/post"}],"author":[{"embeddable":true,"href":"https:\/\/diarioregionaldigital.com.br\/index.php?rest_route=\/wp\/v2\/users\/246"}],"replies":[{"embeddable":true,"href":"https:\/\/diarioregionaldigital.com.br\/index.php?rest_route=%2Fwp%2Fv2%2Fcomments&post=201279"}],"version-history":[{"count":1,"href":"https:\/\/diarioregionaldigital.com.br\/index.php?rest_route=\/wp\/v2\/posts\/201279\/revisions"}],"predecessor-version":[{"id":201281,"href":"https:\/\/diarioregionaldigital.com.br\/index.php?rest_route=\/wp\/v2\/posts\/201279\/revisions\/201281"}],"wp:featuredmedia":[{"embeddable":true,"href":"https:\/\/diarioregionaldigital.com.br\/index.php?rest_route=\/wp\/v2\/media\/201280"}],"wp:attachment":[{"href":"https:\/\/diarioregionaldigital.com.br\/index.php?rest_route=%2Fwp%2Fv2%2Fmedia&parent=201279"}],"wp:term":[{"taxonomy":"category","embeddable":true,"href":"https:\/\/diarioregionaldigital.com.br\/index.php?rest_route=%2Fwp%2Fv2%2Fcategories&post=201279"},{"taxonomy":"post_tag","embeddable":true,"href":"https:\/\/diarioregionaldigital.com.br\/index.php?rest_route=%2Fwp%2Fv2%2Ftags&post=201279"}],"curies":[{"name":"wp","href":"https:\/\/api.w.org\/{rel}","templated":true}]}}