{"id":201275,"date":"2022-07-06T21:55:24","date_gmt":"2022-07-07T00:55:24","guid":{"rendered":"https:\/\/diarioregionaldigital.com.br\/?p=201275"},"modified":"2022-07-06T21:55:24","modified_gmt":"2022-07-07T00:55:24","slug":"pjf-disponibiliza-onibus-para-o-estadio-municipal-neste-sabado-9","status":"publish","type":"post","link":"https:\/\/diarioregionaldigital.com.br\/?p=201275","title":{"rendered":"PJF disponibiliza \u00f4nibus para o Est\u00e1dio Municipal neste s\u00e1bado, 9"},"content":{"rendered":"<p>Segundo informa\u00e7\u00f5es do site da Prefeitura de Juiz de Fora (PJF), a Prefeitura de Juiz de Fora (PJF) informa que neste s\u00e1bado, 9, a linha 517 atender\u00e1 as demandas referentes ao jogo\u00a0 entre Tupynamb\u00e1s e Democrata, que ser\u00e1 realizado \u00e0s 16h no Est\u00e1dio Municipal Radialista M\u00e1rio Hel\u00eanio.<\/p>\n<p>Ser\u00e3o realizadas viagens nos hor\u00e1rios de 14h15 e 15h15, com sa\u00edda da Av. Pres. Itamar Franco, 992 (em frente ao Procon), seguindo para a Av. Eug\u00eanio do Nascimento, Est\u00e1dio Municipal. Os ve\u00edculos permanecer\u00e3o aguardando o t\u00e9rmino da partida no ponto final do Est\u00e1dio.<\/p>\n<p>O retorno dos torcedores ser\u00e1 realizado no hor\u00e1rio de 18h15, com sa\u00edda do Est\u00e1dio Municipal, Av. Eug\u00eanio do Nascimento, seguindo para Av. Pres. Itamar Franco, Av. Brasil (M.D.), Ponte Nelson Silva, Av. Brasil (M.E.), Ponte Ant\u00f4nio Carlos, at\u00e9 retornar para a Av. Pres. Itamar Franco, 992.<\/p>\n<p>Os hor\u00e1rios poder\u00e3o ser ajustados em virtude de atrasos da partida ou por quaisquer motivos que venham interferir na sa\u00edda dos torcedores do Est\u00e1dio.<\/p>\n","protected":false},"excerpt":{"rendered":"<p>Segundo informa\u00e7\u00f5es do site da Prefeitura de Juiz de Fora (PJF), a Prefeitura de Juiz de Fora (PJF) informa que neste s\u00e1bado, 9, a linha 517 atender\u00e1 as demandas referentes ao jogo\u00a0 entre Tupynamb\u00e1s e Democrata, que ser\u00e1 realizado \u00e0s 16h no Est\u00e1dio Municipal Radialista M\u00e1rio Hel\u00eanio. Ser\u00e3o realizadas viagens nos hor\u00e1rios de 14h15 e [&hellip;]<\/p>\n","protected":false},"author":246,"featured_media":201276,"comment_status":"closed","ping_status":"closed","sticky":false,"template":"","format":"standard","meta":{"footnotes":""},"categories":[253,436,439],"tags":[],"class_list":["post-201275","post","type-post","status-publish","format-standard","has-post-thumbnail","hentry","category-cidade","category-destaque-da-semana","category-ultima-hora"],"_links":{"self":[{"href":"https:\/\/diarioregionaldigital.com.br\/index.php?rest_route=\/wp\/v2\/posts\/201275","targetHints":{"allow":["GET"]}}],"collection":[{"href":"https:\/\/diarioregionaldigital.com.br\/index.php?rest_route=\/wp\/v2\/posts"}],"about":[{"href":"https:\/\/diarioregionaldigital.com.br\/index.php?rest_route=\/wp\/v2\/types\/post"}],"author":[{"embeddable":true,"href":"https:\/\/diarioregionaldigital.com.br\/index.php?rest_route=\/wp\/v2\/users\/246"}],"replies":[{"embeddable":true,"href":"https:\/\/diarioregionaldigital.com.br\/index.php?rest_route=%2Fwp%2Fv2%2Fcomments&post=201275"}],"version-history":[{"count":2,"href":"https:\/\/diarioregionaldigital.com.br\/index.php?rest_route=\/wp\/v2\/posts\/201275\/revisions"}],"predecessor-version":[{"id":201278,"href":"https:\/\/diarioregionaldigital.com.br\/index.php?rest_route=\/wp\/v2\/posts\/201275\/revisions\/201278"}],"wp:featuredmedia":[{"embeddable":true,"href":"https:\/\/diarioregionaldigital.com.br\/index.php?rest_route=\/wp\/v2\/media\/201276"}],"wp:attachment":[{"href":"https:\/\/diarioregionaldigital.com.br\/index.php?rest_route=%2Fwp%2Fv2%2Fmedia&parent=201275"}],"wp:term":[{"taxonomy":"category","embeddable":true,"href":"https:\/\/diarioregionaldigital.com.br\/index.php?rest_route=%2Fwp%2Fv2%2Fcategories&post=201275"},{"taxonomy":"post_tag","embeddable":true,"href":"https:\/\/diarioregionaldigital.com.br\/index.php?rest_route=%2Fwp%2Fv2%2Ftags&post=201275"}],"curies":[{"name":"wp","href":"https:\/\/api.w.org\/{rel}","templated":true}]}}