{"id":201271,"date":"2022-07-06T21:52:15","date_gmt":"2022-07-07T00:52:15","guid":{"rendered":"https:\/\/diarioregionaldigital.com.br\/?p=201271"},"modified":"2022-07-06T21:52:15","modified_gmt":"2022-07-07T00:52:15","slug":"galaticos-da-coleta-jf-levam-diversao-e-solidariedade-para-o-trabalho-de-limpeza-publica-da-cidade","status":"publish","type":"post","link":"https:\/\/diarioregionaldigital.com.br\/?p=201271","title":{"rendered":"\u201cGal\u00e1ticos da Coleta JF\u201d levam divers\u00e3o e solidariedade para o trabalho de limpeza p\u00fablica da cidade"},"content":{"rendered":"<p>Segundo informa\u00e7\u00f5es do site da Prefeitura de Juiz de Fora (PJF),\u00a0 em Juiz de Fora, um grupo de profissionais do Departamento Municipal de Limpeza Urbana (Demlurb) da Prefeitura de Juiz de Fora (PJF) vem se destacando com o jeito alegre que eles levam a rotina de trabalho pelas ruas da cidade. Com adere\u00e7os coloridos e uma caixinha de som presa no caminh\u00e3o, Adriano, Wellison, Anderson e Marcelo chamam a aten\u00e7\u00e3o de crian\u00e7as e adultos nas mais de dez rotas que atendem de segunda a s\u00e1bado no munic\u00edpio.<\/p>\n<p>A ideia de trabalhar com m\u00fasica e fantasias foi do Marcelo da Silva, o \u201cAsprila\u201d, que h\u00e1 quatro anos leva a caixinha de som para os trechos. A partir de uma brincadeira com os colegas, h\u00e1 cerca de dois meses, ele criou o nome \u201cGal\u00e1ticos\u201d, que foi adaptado pelo motorista, Adriano Vargas da Silva, para \u201cGal\u00e1ticos da Coleta JF\u201d.<\/p>\n<p>Entre uma rota e outra, d\u00e1 para fazer uma pausa para tomar um cafezinho e conversar com as \u201cmadrinhas\u201d, forma carinhosa que eles chamam as moradoras que os recebem. Foi em um desses momentos de intera\u00e7\u00e3o com a comunidade que o motorista, Adriano Silva, percebeu a realidade dif\u00edcil de algumas fam\u00edlias e teve a ideia de se unir com os colegas para ajudar essas pessoas que tanto precisam.<\/p>\n<p>No in\u00edcio de junho deste ano, eles foram convidados a palestrarem para crian\u00e7as e adolescentes da Escola Municipal \u00c1lvaro Braga de Ara\u00fajo, no bairro Dom Bosco, expondo sobre a import\u00e2ncia do trabalho que eles realizam na cidade. Na ocasi\u00e3o, os profissionais conheceram a Sandra Miriam Alves Tobias Silva, uma moradora da comunidade que junto com o filho, Natilson, e um amigo dele, Gabriel, realizam a\u00e7\u00f5es sociais com fam\u00edlias em situa\u00e7\u00e3o de vulnerabilidade.<\/p>\n<p>\u201cO motorista do Demlurb estava conversando comigo e disse que tinha um desejo muito grande no cora\u00e7\u00e3o de fazer cestas b\u00e1sicas para doar para as pessoas porque ele viu a car\u00eancia de uma moradora. Ali, n\u00f3s unimos o \u00fatil ao agrad\u00e1vel, pois n\u00f3s j\u00e1 faz\u00edamos isso, ent\u00e3o nasceu o sonho dele\u201d, revela Sandra.<\/p>\n<p>\u201cN\u00e3o bastava apenas recolhermos o lixo e sermos os Gal\u00e1ticos. A gente precisava fazer algo mais importante, uma a\u00e7\u00e3o social para ajudar pessoas\u201d, ressalta Adriano. Ele conta que conversou com os colegas e todos se prontificaram a tirar uma parte do sal\u00e1rio para comprarem os itens. \u201cEu sei que essas cestas v\u00e3o ajudar muitas fam\u00edlias\u201d, ressalta Adriano.<\/p>\n<p>Para mostrarem um pouco do dia a dia no trabalho, os \u201cGal\u00e1ticos da Coleta JF\u201d criaram contas no Facebook, Instagram e Tik Tok. Eles afirmam que quem quiser contribuir com doa\u00e7\u00f5es de alimentos n\u00e3o perec\u00edveis e produtos para a montagem de cestas b\u00e1sicas, podem entrar em contato pelas redes sociais atrav\u00e9s do @galativosdacoletajf.<\/p>\n","protected":false},"excerpt":{"rendered":"<p>Segundo informa\u00e7\u00f5es do site da Prefeitura de Juiz de Fora (PJF),\u00a0 em Juiz de Fora, um grupo de profissionais do Departamento Municipal de Limpeza Urbana (Demlurb) da Prefeitura de Juiz de Fora (PJF) vem se destacando com o jeito alegre que eles levam a rotina de trabalho pelas ruas da cidade. Com adere\u00e7os coloridos e [&hellip;]<\/p>\n","protected":false},"author":246,"featured_media":201272,"comment_status":"closed","ping_status":"closed","sticky":false,"template":"","format":"standard","meta":{"footnotes":""},"categories":[253,436,439],"tags":[],"class_list":["post-201271","post","type-post","status-publish","format-standard","has-post-thumbnail","hentry","category-cidade","category-destaque-da-semana","category-ultima-hora"],"_links":{"self":[{"href":"https:\/\/diarioregionaldigital.com.br\/index.php?rest_route=\/wp\/v2\/posts\/201271","targetHints":{"allow":["GET"]}}],"collection":[{"href":"https:\/\/diarioregionaldigital.com.br\/index.php?rest_route=\/wp\/v2\/posts"}],"about":[{"href":"https:\/\/diarioregionaldigital.com.br\/index.php?rest_route=\/wp\/v2\/types\/post"}],"author":[{"embeddable":true,"href":"https:\/\/diarioregionaldigital.com.br\/index.php?rest_route=\/wp\/v2\/users\/246"}],"replies":[{"embeddable":true,"href":"https:\/\/diarioregionaldigital.com.br\/index.php?rest_route=%2Fwp%2Fv2%2Fcomments&post=201271"}],"version-history":[{"count":2,"href":"https:\/\/diarioregionaldigital.com.br\/index.php?rest_route=\/wp\/v2\/posts\/201271\/revisions"}],"predecessor-version":[{"id":201274,"href":"https:\/\/diarioregionaldigital.com.br\/index.php?rest_route=\/wp\/v2\/posts\/201271\/revisions\/201274"}],"wp:featuredmedia":[{"embeddable":true,"href":"https:\/\/diarioregionaldigital.com.br\/index.php?rest_route=\/wp\/v2\/media\/201272"}],"wp:attachment":[{"href":"https:\/\/diarioregionaldigital.com.br\/index.php?rest_route=%2Fwp%2Fv2%2Fmedia&parent=201271"}],"wp:term":[{"taxonomy":"category","embeddable":true,"href":"https:\/\/diarioregionaldigital.com.br\/index.php?rest_route=%2Fwp%2Fv2%2Fcategories&post=201271"},{"taxonomy":"post_tag","embeddable":true,"href":"https:\/\/diarioregionaldigital.com.br\/index.php?rest_route=%2Fwp%2Fv2%2Ftags&post=201271"}],"curies":[{"name":"wp","href":"https:\/\/api.w.org\/{rel}","templated":true}]}}