{"id":201268,"date":"2022-07-06T21:48:21","date_gmt":"2022-07-07T00:48:21","guid":{"rendered":"https:\/\/diarioregionaldigital.com.br\/?p=201268"},"modified":"2022-07-06T21:48:21","modified_gmt":"2022-07-07T00:48:21","slug":"museu-ferroviario-de-jf-recebe-visita-da-equipe-que-trabalha-na-criacao-de-um-memorial-nacional","status":"publish","type":"post","link":"https:\/\/diarioregionaldigital.com.br\/?p=201268","title":{"rendered":"Museu Ferrovi\u00e1rio de JF recebe visita da equipe que trabalha na cria\u00e7\u00e3o de um memorial nacional"},"content":{"rendered":"<p>Segundo informa\u00e7\u00f5es do site da Prefeitura de Juiz de Fora (PJF), O Museu Ferrovi\u00e1rio de Juiz de Fora recebeu na \u00faltima ter\u00e7a-feira, 5, a visita de uma comitiva da Valec, estatal respons\u00e1vel pelo planejamento ferrovi\u00e1rio do pa\u00eds. O grupo veio conhecer a estrutura e o acervo do equipamento local, como parte da agenda de planejamento e desenvolvimento do Memorial Ferrovi\u00e1rio da Valec, a ser implantado em Bras\u00edlia, com previs\u00e3o de inaugura\u00e7\u00e3o no final deste ano.<\/p>\n<p>Tendo \u00e0 frente o diretor de Finan\u00e7as, Marcio Lima Medeiros, a comitiva da Valec foi recepcionada por Eduardo Crochet, assessor de Gabinete da Funda\u00e7\u00e3o Cultural Alfredo Ferreira Lage (Funalfa) e pelo supervisor do Museu Ferrovi\u00e1rio, Marco Aur\u00e9lio de Assis. \u201cMuito interessante os cuidados com o acervo aqui no Museu Ferrovi\u00e1rio de Juiz de Fora. Estamos conferindo cada detalhe para que possamos utilizar no nosso memorial. E contamos tamb\u00e9m com a ades\u00e3o da MRS Log\u00edstica. Essas parcerias s\u00e3o muito importantes no sentido de viabilizar nosso projeto\u201d, declarou Marcio.<\/p>\n<p>Ele informou que a proposta do Memorial Ferrovi\u00e1rio da Valec \u00e9 reunir elementos de valor hist\u00f3rico, que permitam a compreens\u00e3o da trajet\u00f3ria e da import\u00e2ncia das ferrovias brasileiras. Dessa forma, o espa\u00e7o ter\u00e1 em seu acervo: documentos, mapas, fotos, projetos, relat\u00f3rios, r\u00e9plicas e objetos em geral. Para subsidiar a montagem do memorial, a equipe respons\u00e1vel est\u00e1 visitando v\u00e1rios espa\u00e7os relacionados \u00e0 ferrovia. Al\u00e9m de Juiz de Fora, o grupo j\u00e1 esteve na Superintend\u00eancia Regional do DNIT, em S\u00e3o Paulo (SP), na Funda\u00e7\u00e3o Mem\u00f3ria do Transporte (FuMTran), tamb\u00e9m na capital paulista, e na f\u00e1brica de vag\u00f5es da Greenbrier Maxion, em Hortol\u00e2ndia (SP).<\/p>\n<p>O Museu Ferrovi\u00e1rio \u00e9 mantido pela Prefeitura de Juiz de Fora (PJF), com gest\u00e3o da Funalfa.<\/p>\n","protected":false},"excerpt":{"rendered":"<p>Segundo informa\u00e7\u00f5es do site da Prefeitura de Juiz de Fora (PJF), O Museu Ferrovi\u00e1rio de Juiz de Fora recebeu na \u00faltima ter\u00e7a-feira, 5, a visita de uma comitiva da Valec, estatal respons\u00e1vel pelo planejamento ferrovi\u00e1rio do pa\u00eds. O grupo veio conhecer a estrutura e o acervo do equipamento local, como parte da agenda de planejamento [&hellip;]<\/p>\n","protected":false},"author":246,"featured_media":201269,"comment_status":"closed","ping_status":"closed","sticky":false,"template":"","format":"standard","meta":{"footnotes":""},"categories":[253,436,440,439],"tags":[],"class_list":["post-201268","post","type-post","status-publish","format-standard","has-post-thumbnail","hentry","category-cidade","category-destaque-da-semana","category-destaques-do-dia","category-ultima-hora"],"_links":{"self":[{"href":"https:\/\/diarioregionaldigital.com.br\/index.php?rest_route=\/wp\/v2\/posts\/201268","targetHints":{"allow":["GET"]}}],"collection":[{"href":"https:\/\/diarioregionaldigital.com.br\/index.php?rest_route=\/wp\/v2\/posts"}],"about":[{"href":"https:\/\/diarioregionaldigital.com.br\/index.php?rest_route=\/wp\/v2\/types\/post"}],"author":[{"embeddable":true,"href":"https:\/\/diarioregionaldigital.com.br\/index.php?rest_route=\/wp\/v2\/users\/246"}],"replies":[{"embeddable":true,"href":"https:\/\/diarioregionaldigital.com.br\/index.php?rest_route=%2Fwp%2Fv2%2Fcomments&post=201268"}],"version-history":[{"count":1,"href":"https:\/\/diarioregionaldigital.com.br\/index.php?rest_route=\/wp\/v2\/posts\/201268\/revisions"}],"predecessor-version":[{"id":201270,"href":"https:\/\/diarioregionaldigital.com.br\/index.php?rest_route=\/wp\/v2\/posts\/201268\/revisions\/201270"}],"wp:featuredmedia":[{"embeddable":true,"href":"https:\/\/diarioregionaldigital.com.br\/index.php?rest_route=\/wp\/v2\/media\/201269"}],"wp:attachment":[{"href":"https:\/\/diarioregionaldigital.com.br\/index.php?rest_route=%2Fwp%2Fv2%2Fmedia&parent=201268"}],"wp:term":[{"taxonomy":"category","embeddable":true,"href":"https:\/\/diarioregionaldigital.com.br\/index.php?rest_route=%2Fwp%2Fv2%2Fcategories&post=201268"},{"taxonomy":"post_tag","embeddable":true,"href":"https:\/\/diarioregionaldigital.com.br\/index.php?rest_route=%2Fwp%2Fv2%2Ftags&post=201268"}],"curies":[{"name":"wp","href":"https:\/\/api.w.org\/{rel}","templated":true}]}}