{"id":201261,"date":"2022-07-06T21:36:11","date_gmt":"2022-07-07T00:36:11","guid":{"rendered":"https:\/\/diarioregionaldigital.com.br\/?p=201261"},"modified":"2022-07-06T21:36:11","modified_gmt":"2022-07-07T00:36:11","slug":"sul-americana-inter-goleia-colo-colo-e-consegue-classificacao","status":"publish","type":"post","link":"https:\/\/diarioregionaldigital.com.br\/?p=201261","title":{"rendered":"Sul-Americana: Inter goleia Colo-Colo e consegue classifica\u00e7\u00e3o"},"content":{"rendered":"<p>O Internacional mostrou for\u00e7a ao avan\u00e7ar para as quartas de final da Copa Sul-Americana ap\u00f3s golear o Colo-Colo (Chile) por 4 a 1, na noite desta ter\u00e7a-feira (5) no est\u00e1dio do Beira Rio. A classifica\u00e7\u00e3o do Colorado foi ainda mais especial porque foi obtida ap\u00f3s uma derrota por 2 a 0 no jogo de ida das oitavas.<img decoding=\"async\" src=\"https:\/\/agenciabrasil.ebc.com.br\/ebc.png?id=1469403&amp;o=node\" \/><img decoding=\"async\" src=\"https:\/\/agenciabrasil.ebc.com.br\/ebc.gif?id=1469403&amp;o=node\" \/><\/p>\n<p>Mesmo apoiada por mais de 40 mil torcedores, a equipe comandada pelo t\u00e9cnico Mano Menezes viu o time chileno abrir o placar logo aos 14 minutos do primeiro tempo em p\u00eanalti cobrado por Gabriel Costa.<\/p>\n<p>Por\u00e9m, o Colorado n\u00e3o esmoreceu e conseguiu a virada ainda antes do intervalo, gra\u00e7as a gols de Alan Patrick, aos 28, e de Eden\u00edlson, aos 31.<\/p>\n<p>Com a vantagem no placar, o Internacional tomou conta de vez do jogo e conseguiu marcar duas vezes na etapa final (com Alem\u00e3o, aos 14, e com Pedro Henrique, aos 28) para garantir uma classifica\u00e7\u00e3o hist\u00f3rica.<\/p>\n<p><span style=\"font-weight: 400;\">Fonte: Ag\u00eancia Brasil <\/span><\/p>\n","protected":false},"excerpt":{"rendered":"<p>O Internacional mostrou for\u00e7a ao avan\u00e7ar para as quartas de final da Copa Sul-Americana ap\u00f3s golear o Colo-Colo (Chile) por 4 a 1, na noite desta ter\u00e7a-feira (5) no est\u00e1dio do Beira Rio. A classifica\u00e7\u00e3o do Colorado foi ainda mais especial porque foi obtida ap\u00f3s uma derrota por 2 a 0 no jogo de ida [&hellip;]<\/p>\n","protected":false},"author":246,"featured_media":201262,"comment_status":"closed","ping_status":"closed","sticky":false,"template":"","format":"standard","meta":{"footnotes":""},"categories":[436,257,439],"tags":[],"class_list":["post-201261","post","type-post","status-publish","format-standard","has-post-thumbnail","hentry","category-destaque-da-semana","category-esporte","category-ultima-hora"],"_links":{"self":[{"href":"https:\/\/diarioregionaldigital.com.br\/index.php?rest_route=\/wp\/v2\/posts\/201261","targetHints":{"allow":["GET"]}}],"collection":[{"href":"https:\/\/diarioregionaldigital.com.br\/index.php?rest_route=\/wp\/v2\/posts"}],"about":[{"href":"https:\/\/diarioregionaldigital.com.br\/index.php?rest_route=\/wp\/v2\/types\/post"}],"author":[{"embeddable":true,"href":"https:\/\/diarioregionaldigital.com.br\/index.php?rest_route=\/wp\/v2\/users\/246"}],"replies":[{"embeddable":true,"href":"https:\/\/diarioregionaldigital.com.br\/index.php?rest_route=%2Fwp%2Fv2%2Fcomments&post=201261"}],"version-history":[{"count":2,"href":"https:\/\/diarioregionaldigital.com.br\/index.php?rest_route=\/wp\/v2\/posts\/201261\/revisions"}],"predecessor-version":[{"id":201264,"href":"https:\/\/diarioregionaldigital.com.br\/index.php?rest_route=\/wp\/v2\/posts\/201261\/revisions\/201264"}],"wp:featuredmedia":[{"embeddable":true,"href":"https:\/\/diarioregionaldigital.com.br\/index.php?rest_route=\/wp\/v2\/media\/201262"}],"wp:attachment":[{"href":"https:\/\/diarioregionaldigital.com.br\/index.php?rest_route=%2Fwp%2Fv2%2Fmedia&parent=201261"}],"wp:term":[{"taxonomy":"category","embeddable":true,"href":"https:\/\/diarioregionaldigital.com.br\/index.php?rest_route=%2Fwp%2Fv2%2Fcategories&post=201261"},{"taxonomy":"post_tag","embeddable":true,"href":"https:\/\/diarioregionaldigital.com.br\/index.php?rest_route=%2Fwp%2Fv2%2Ftags&post=201261"}],"curies":[{"name":"wp","href":"https:\/\/api.w.org\/{rel}","templated":true}]}}