{"id":201258,"date":"2022-07-06T21:34:19","date_gmt":"2022-07-07T00:34:19","guid":{"rendered":"https:\/\/diarioregionaldigital.com.br\/?p=201258"},"modified":"2022-07-06T21:34:19","modified_gmt":"2022-07-07T00:34:19","slug":"libertadores-athletico-pr-arranca-empate-com-libertad-e-avanca","status":"publish","type":"post","link":"https:\/\/diarioregionaldigital.com.br\/?p=201258","title":{"rendered":"Libertadores: Athletico-PR arranca empate com Libertad e avan\u00e7a"},"content":{"rendered":"<p>Com um gol do atacante R\u00f4mulo no final da partida, o Athletico-PR arrancou um empate de 1 a 1 com o Libertad (Paraguai) para garantir a classifica\u00e7\u00e3o para as quartas de final da Copa Libertadores, na noite desta ter\u00e7a-feira (5) no est\u00e1dio Defensores Del Chaco, em Assun\u00e7\u00e3o (Paraguai).<img decoding=\"async\" src=\"https:\/\/agenciabrasil.ebc.com.br\/ebc.png?id=1469400&amp;o=node\" \/><img decoding=\"async\" src=\"https:\/\/agenciabrasil.ebc.com.br\/ebc.gif?id=1469400&amp;o=node\" \/><\/p>\n<p>O Furac\u00e3o avan\u00e7ou na competi\u00e7\u00e3o porque no confronto de ida das oitavas, na \u00faltima semana na Arena da Baixada, triunfou por 2 a 1. O Rubro-Negro pega na pr\u00f3xima fase da competi\u00e7\u00e3o o vencedor de Fortaleza e Estudiantes (Argentina).<\/p>\n<p>Mesmo com a pequena vantagem obtida em Curitiba, a equipe comandada pele t\u00e9cnico Luiz Felipe Scolari come\u00e7ou buscando o ataque, criando oportunidades com Erick, aos 3 minutos, e com Cuello, aos 7. Depois as equipes diminu\u00edram a rota\u00e7\u00e3o, o que levou o jogo a cair em um certo marasmo, que foi quebrado apenas aos 48 minutos. O atacante Roque Santa recebeu na entrada da \u00e1rea, se livrou da marca\u00e7\u00e3o e avan\u00e7ou at\u00e9 bater na sa\u00edda do goleiro Bento.<\/p>\n<p>Na etapa final o confronto permaneceu com poucas chances de lado a lado mesmo com a vaga indefinida. Por\u00e9m, aos 44 minutos o Athletico-PR foi mais eficiente e garantiu o empate e a classifica\u00e7\u00e3o. Khellven cobrou falta para R\u00f4mulo, que cabeceou para defesa parcial do goleiro Mart\u00edn Silva. E o mesmo camisa 35 aproveitou o rebote para marcar e classificar o Furac\u00e3o.<\/p>\n<p><span style=\"font-weight: 400;\"><br \/>\n<\/span><span style=\"font-weight: 400;\">Fonte: Ag\u00eancia Brasil <\/span><\/p>\n","protected":false},"excerpt":{"rendered":"<p>Com um gol do atacante R\u00f4mulo no final da partida, o Athletico-PR arrancou um empate de 1 a 1 com o Libertad (Paraguai) para garantir a classifica\u00e7\u00e3o para as quartas de final da Copa Libertadores, na noite desta ter\u00e7a-feira (5) no est\u00e1dio Defensores Del Chaco, em Assun\u00e7\u00e3o (Paraguai). O Furac\u00e3o avan\u00e7ou na competi\u00e7\u00e3o porque no [&hellip;]<\/p>\n","protected":false},"author":246,"featured_media":201259,"comment_status":"closed","ping_status":"closed","sticky":false,"template":"","format":"standard","meta":{"footnotes":""},"categories":[436,257,439],"tags":[],"class_list":["post-201258","post","type-post","status-publish","format-standard","has-post-thumbnail","hentry","category-destaque-da-semana","category-esporte","category-ultima-hora"],"_links":{"self":[{"href":"https:\/\/diarioregionaldigital.com.br\/index.php?rest_route=\/wp\/v2\/posts\/201258","targetHints":{"allow":["GET"]}}],"collection":[{"href":"https:\/\/diarioregionaldigital.com.br\/index.php?rest_route=\/wp\/v2\/posts"}],"about":[{"href":"https:\/\/diarioregionaldigital.com.br\/index.php?rest_route=\/wp\/v2\/types\/post"}],"author":[{"embeddable":true,"href":"https:\/\/diarioregionaldigital.com.br\/index.php?rest_route=\/wp\/v2\/users\/246"}],"replies":[{"embeddable":true,"href":"https:\/\/diarioregionaldigital.com.br\/index.php?rest_route=%2Fwp%2Fv2%2Fcomments&post=201258"}],"version-history":[{"count":1,"href":"https:\/\/diarioregionaldigital.com.br\/index.php?rest_route=\/wp\/v2\/posts\/201258\/revisions"}],"predecessor-version":[{"id":201260,"href":"https:\/\/diarioregionaldigital.com.br\/index.php?rest_route=\/wp\/v2\/posts\/201258\/revisions\/201260"}],"wp:featuredmedia":[{"embeddable":true,"href":"https:\/\/diarioregionaldigital.com.br\/index.php?rest_route=\/wp\/v2\/media\/201259"}],"wp:attachment":[{"href":"https:\/\/diarioregionaldigital.com.br\/index.php?rest_route=%2Fwp%2Fv2%2Fmedia&parent=201258"}],"wp:term":[{"taxonomy":"category","embeddable":true,"href":"https:\/\/diarioregionaldigital.com.br\/index.php?rest_route=%2Fwp%2Fv2%2Fcategories&post=201258"},{"taxonomy":"post_tag","embeddable":true,"href":"https:\/\/diarioregionaldigital.com.br\/index.php?rest_route=%2Fwp%2Fv2%2Ftags&post=201258"}],"curies":[{"name":"wp","href":"https:\/\/api.w.org\/{rel}","templated":true}]}}