{"id":201255,"date":"2022-07-06T21:32:40","date_gmt":"2022-07-07T00:32:40","guid":{"rendered":"https:\/\/diarioregionaldigital.com.br\/?p=201255"},"modified":"2022-07-06T21:32:40","modified_gmt":"2022-07-07T00:32:40","slug":"selecao-masculina-bate-alemanha-de-virada-na-liga-das-nacoes-de-volei","status":"publish","type":"post","link":"https:\/\/diarioregionaldigital.com.br\/?p=201255","title":{"rendered":"Sele\u00e7\u00e3o masculina bate Alemanha de virada na Liga das Na\u00e7\u00f5es de v\u00f4lei"},"content":{"rendered":"<p>A sele\u00e7\u00e3o masculina de v\u00f4lei estreou com vit\u00f3ria na terceira e \u00faltima semana da primeira fase da Liga das Na\u00e7\u00f5es, com jogos em Osaka (Jap\u00e3o). Nesta quarta-feira (6), os brasileiros venceram a Alemanha por tr\u00eas sets a um (25\/27, 25\/17, 25\/20 e 25\/19), de virada, em duelo pela oitava rodada.<img decoding=\"async\" src=\"https:\/\/agenciabrasil.ebc.com.br\/ebc.png?id=1469428&amp;o=node\" \/><img decoding=\"async\" src=\"https:\/\/agenciabrasil.ebc.com.br\/ebc.gif?id=1469428&amp;o=node\" \/><\/p>\n<p>A sexta vit\u00f3ria na competi\u00e7\u00e3o, sendo a quarta consecutiva, manteve o Brasil na zona de classifica\u00e7\u00e3o \u00e0s quartas de final, marcada para os dias 20 a 23 deste m\u00eas, em Bolonha (It\u00e1lia). A sele\u00e7\u00e3o comandada por Renan dal Zotto, atual campe\u00e3, manteve-se na sexta posi\u00e7\u00e3o, com 18 pontos. Os oito primeiros avan\u00e7am de fase.Liga das Na\u00e7\u00f5es<\/p>\n<p>&#8220;Depois de uma semana de viagem e treino, come\u00e7amos um pouco devagar na partida, mas o importante \u00e9 que conseguimos o resultado positivo e os tr\u00eas pontos para dar mais um passo para a classifica\u00e7\u00e3o para a fase final&#8221;, disse o ponteiro Yoandy Leal, destaque da partida com 21 pontos, ao\u00a0<em>site\u00a0<\/em>da Confedera\u00e7\u00e3o Brasileira de Voleibol (CBV).<\/p>\n<p>O Brasil volta a quadra na quinta-feira (7), \u00e0s 6h (hor\u00e1rio de Bras\u00edlia), diante do Canad\u00e1. Na sexta-feira (8), \u00e0s 3h40, o compromisso ser\u00e1 contra a Fran\u00e7a. No domingo (10), \u00e0s 7h10, os brasileiros encerram a primeira fase da Liga encarando os anfitri\u00f5es japoneses.<\/p>\n<p>&#8220;Hoje [quarta] enfrentamos uma equipe de mais for\u00e7a f\u00edsica. Amanh\u00e3 [quinta], teremos um advers\u00e1rio que erra menos, que cada ponto precisa ser conquistado. Eles jogam com bolas mais r\u00e1pidas, muito t\u00e9cnico e que vem dando dificuldades para todos as equipes que os enfrentaram&#8221;, projetou Renan, tamb\u00e9m em depoimento ao\u00a0<em>site<\/em>\u00a0da CBV.<br \/>\n<span style=\"font-weight: 400;\"><br \/>\nFonte: Ag\u00eancia Brasil <\/span><\/p>\n","protected":false},"excerpt":{"rendered":"<p>A sele\u00e7\u00e3o masculina de v\u00f4lei estreou com vit\u00f3ria na terceira e \u00faltima semana da primeira fase da Liga das Na\u00e7\u00f5es, com jogos em Osaka (Jap\u00e3o). Nesta quarta-feira (6), os brasileiros venceram a Alemanha por tr\u00eas sets a um (25\/27, 25\/17, 25\/20 e 25\/19), de virada, em duelo pela oitava rodada. A sexta vit\u00f3ria na competi\u00e7\u00e3o, [&hellip;]<\/p>\n","protected":false},"author":246,"featured_media":201256,"comment_status":"closed","ping_status":"closed","sticky":false,"template":"","format":"standard","meta":{"footnotes":""},"categories":[436,440,257,439],"tags":[],"class_list":["post-201255","post","type-post","status-publish","format-standard","has-post-thumbnail","hentry","category-destaque-da-semana","category-destaques-do-dia","category-esporte","category-ultima-hora"],"_links":{"self":[{"href":"https:\/\/diarioregionaldigital.com.br\/index.php?rest_route=\/wp\/v2\/posts\/201255","targetHints":{"allow":["GET"]}}],"collection":[{"href":"https:\/\/diarioregionaldigital.com.br\/index.php?rest_route=\/wp\/v2\/posts"}],"about":[{"href":"https:\/\/diarioregionaldigital.com.br\/index.php?rest_route=\/wp\/v2\/types\/post"}],"author":[{"embeddable":true,"href":"https:\/\/diarioregionaldigital.com.br\/index.php?rest_route=\/wp\/v2\/users\/246"}],"replies":[{"embeddable":true,"href":"https:\/\/diarioregionaldigital.com.br\/index.php?rest_route=%2Fwp%2Fv2%2Fcomments&post=201255"}],"version-history":[{"count":1,"href":"https:\/\/diarioregionaldigital.com.br\/index.php?rest_route=\/wp\/v2\/posts\/201255\/revisions"}],"predecessor-version":[{"id":201257,"href":"https:\/\/diarioregionaldigital.com.br\/index.php?rest_route=\/wp\/v2\/posts\/201255\/revisions\/201257"}],"wp:featuredmedia":[{"embeddable":true,"href":"https:\/\/diarioregionaldigital.com.br\/index.php?rest_route=\/wp\/v2\/media\/201256"}],"wp:attachment":[{"href":"https:\/\/diarioregionaldigital.com.br\/index.php?rest_route=%2Fwp%2Fv2%2Fmedia&parent=201255"}],"wp:term":[{"taxonomy":"category","embeddable":true,"href":"https:\/\/diarioregionaldigital.com.br\/index.php?rest_route=%2Fwp%2Fv2%2Fcategories&post=201255"},{"taxonomy":"post_tag","embeddable":true,"href":"https:\/\/diarioregionaldigital.com.br\/index.php?rest_route=%2Fwp%2Fv2%2Ftags&post=201255"}],"curies":[{"name":"wp","href":"https:\/\/api.w.org\/{rel}","templated":true}]}}