{"id":201248,"date":"2022-07-06T21:15:19","date_gmt":"2022-07-07T00:15:19","guid":{"rendered":"https:\/\/diarioregionaldigital.com.br\/?p=201248"},"modified":"2022-07-06T21:15:19","modified_gmt":"2022-07-07T00:15:19","slug":"tse-formaliza-visita-de-organizacao-para-observar-eleicoes","status":"publish","type":"post","link":"https:\/\/diarioregionaldigital.com.br\/?p=201248","title":{"rendered":"TSE formaliza visita de organiza\u00e7\u00e3o para observar elei\u00e7\u00f5es"},"content":{"rendered":"<p>O presidente do Tribunal Superior Eleitoral (TSE), ministro Edson Fachin, assinou hoje (5), nos Estados Unidos, um acordo para autorizar a participa\u00e7\u00e3o da Organiza\u00e7\u00e3o dos Estados Americanos (OEA) na fun\u00e7\u00e3o de observadora das elei\u00e7\u00f5es de outubro.<img decoding=\"async\" src=\"https:\/\/agenciabrasil.ebc.com.br\/ebc.png?id=1469357&amp;o=node\" \/><img decoding=\"async\" src=\"https:\/\/agenciabrasil.ebc.com.br\/ebc.gif?id=1469357&amp;o=node\" \/><\/p>\n<p>O acordo \u00e9 o segundo assinado pelo tribunal com entidades internacionais. Na semana passada, o TSE e o Parlamento do Mercosul (Parlasul) firmaram parceria para o envio de uma miss\u00e3o com representantes da entidade para observar o cumprimento das normas eleitorais, das etapas do processo eleitoral e a imparcialidade na organiza\u00e7\u00e3o da elei\u00e7\u00e3o.<\/p>\n<p>Segundo o TSE, a miss\u00e3o ser\u00e1 independente para colaborar com o aperfei\u00e7oamento do sistema eleitoral brasileiro.<\/p>\n<p>A participa\u00e7\u00e3o de observadores internacionais nas elei\u00e7\u00f5es j\u00e1 foi utilizada em outras elei\u00e7\u00f5es no pa\u00eds. Em 2018 e 2020, miss\u00f5es da OEA acompanharam a realiza\u00e7\u00e3o da vota\u00e7\u00e3o.<\/p>\n<p>O TSE pretende autorizar o envio de miss\u00f5es de outras entidades que tamb\u00e9m foram convidadas para atuar como observadoras das elei\u00e7\u00f5es, entre elas, a Rede Eleitoral da Comunidade dos Pa\u00edses de L\u00edngua Portuguesa (CPLP), a Rede Mundial de Justi\u00e7a Eleitoral, a Funda\u00e7\u00e3o Internacional para Sistemas Eleitorais (Ifes) e a Uni\u00e3o Interamericana de Organismos Eleitorais (Uniore). Os acordos ser\u00e3o os pr\u00f3ximos a serem assinados.<\/p>\n<p><span style=\"font-weight: 400;\">Fonte: Ag\u00eancia Brasil <\/span><\/p>\n","protected":false},"excerpt":{"rendered":"<p>O presidente do Tribunal Superior Eleitoral (TSE), ministro Edson Fachin, assinou hoje (5), nos Estados Unidos, um acordo para autorizar a participa\u00e7\u00e3o da Organiza\u00e7\u00e3o dos Estados Americanos (OEA) na fun\u00e7\u00e3o de observadora das elei\u00e7\u00f5es de outubro. O acordo \u00e9 o segundo assinado pelo tribunal com entidades internacionais. Na semana passada, o TSE e o Parlamento [&hellip;]<\/p>\n","protected":false},"author":246,"featured_media":201249,"comment_status":"closed","ping_status":"closed","sticky":false,"template":"","format":"standard","meta":{"footnotes":""},"categories":[436,254,439],"tags":[],"class_list":["post-201248","post","type-post","status-publish","format-standard","has-post-thumbnail","hentry","category-destaque-da-semana","category-politica","category-ultima-hora"],"_links":{"self":[{"href":"https:\/\/diarioregionaldigital.com.br\/index.php?rest_route=\/wp\/v2\/posts\/201248","targetHints":{"allow":["GET"]}}],"collection":[{"href":"https:\/\/diarioregionaldigital.com.br\/index.php?rest_route=\/wp\/v2\/posts"}],"about":[{"href":"https:\/\/diarioregionaldigital.com.br\/index.php?rest_route=\/wp\/v2\/types\/post"}],"author":[{"embeddable":true,"href":"https:\/\/diarioregionaldigital.com.br\/index.php?rest_route=\/wp\/v2\/users\/246"}],"replies":[{"embeddable":true,"href":"https:\/\/diarioregionaldigital.com.br\/index.php?rest_route=%2Fwp%2Fv2%2Fcomments&post=201248"}],"version-history":[{"count":2,"href":"https:\/\/diarioregionaldigital.com.br\/index.php?rest_route=\/wp\/v2\/posts\/201248\/revisions"}],"predecessor-version":[{"id":201251,"href":"https:\/\/diarioregionaldigital.com.br\/index.php?rest_route=\/wp\/v2\/posts\/201248\/revisions\/201251"}],"wp:featuredmedia":[{"embeddable":true,"href":"https:\/\/diarioregionaldigital.com.br\/index.php?rest_route=\/wp\/v2\/media\/201249"}],"wp:attachment":[{"href":"https:\/\/diarioregionaldigital.com.br\/index.php?rest_route=%2Fwp%2Fv2%2Fmedia&parent=201248"}],"wp:term":[{"taxonomy":"category","embeddable":true,"href":"https:\/\/diarioregionaldigital.com.br\/index.php?rest_route=%2Fwp%2Fv2%2Fcategories&post=201248"},{"taxonomy":"post_tag","embeddable":true,"href":"https:\/\/diarioregionaldigital.com.br\/index.php?rest_route=%2Fwp%2Fv2%2Ftags&post=201248"}],"curies":[{"name":"wp","href":"https:\/\/api.w.org\/{rel}","templated":true}]}}