{"id":201241,"date":"2022-07-06T21:11:36","date_gmt":"2022-07-07T00:11:36","guid":{"rendered":"https:\/\/diarioregionaldigital.com.br\/?p=201241"},"modified":"2022-07-06T21:11:36","modified_gmt":"2022-07-07T00:11:36","slug":"justica-eleitoral-convoca-mesarios-que-vao-trabalhar-nas-eleicoes","status":"publish","type":"post","link":"https:\/\/diarioregionaldigital.com.br\/?p=201241","title":{"rendered":"Justi\u00e7a Eleitoral convoca mes\u00e1rios que v\u00e3o trabalhar nas elei\u00e7\u00f5es"},"content":{"rendered":"<p>A Justi\u00e7a Eleitoral come\u00e7ou a convocar\u00a0hoje\u00a0(5) os mes\u00e1rios que v\u00e3o trabalhar nas elei\u00e7\u00f5es\u00a0de outubro. No pleito deste ano, cerca de 2 milh\u00f5es v\u00e3o colaborar com o atendimento ao eleitor nas se\u00e7\u00f5es eleitorais, nos postos de justificativa e no apoio log\u00edstico no primeiro e segundo turnos.\u00a0<img decoding=\"async\" src=\"https:\/\/agenciabrasil.ebc.com.br\/ebc.png?id=1469350&amp;o=node\" \/><img decoding=\"async\" src=\"https:\/\/agenciabrasil.ebc.com.br\/ebc.gif?id=1469350&amp;o=node\" \/><\/p>\n<p>As pessoas que se inscreveram para trabalhar como mes\u00e1rios ou que foram convocados para prestar o servi\u00e7o no dia da elei\u00e7\u00e3o v\u00e3o receber um documento oficial da Justi\u00e7a Eleitoral de forma f\u00edsica ou por aplicativo de mensagem e e-mail. O crit\u00e9rio de comunica\u00e7\u00e3o ser\u00e1 estabelecido por cada tribunal regional eleitoral (TRE).<\/p>\n<p>Ap\u00f3s a convoca\u00e7\u00e3o, os mes\u00e1rios passar\u00e3o por um treinamento virtual, no qual receber\u00e3o informa\u00e7\u00f5es sobre os procedimentos que dever\u00e3o ser adotados durante a vota\u00e7\u00e3o e solu\u00e7\u00f5es para eventuais problemas que podem surgir.<\/p>\n<p>Eleitores menores de 18 anos n\u00e3o podem ser mes\u00e1rios, al\u00e9m de parentes de candidatos, integrantes de partidos pol\u00edticos, ocupantes de cargos de confian\u00e7a no Poder Executivo e servidores da Justi\u00e7a Eleitoral.<\/p>\n<p>O primeiro turno ser\u00e1 realizado no dia\u00a02 de outubro, quando os eleitores v\u00e3o \u00e0s urnas para eleger o presidente da Rep\u00fablica, governadores, senadores, deputados federais, estaduais e distritais.<\/p>\n<p>Eventual segundo turno\u00a0 para a disputa presidencial e aos governos estaduais ser\u00e1 em\u00a030 de outubro.<\/p>\n<p><span style=\"font-weight: 400;\"><br \/>\n<\/span><span style=\"font-weight: 400;\">Fonte: Ag\u00eancia Brasil<\/span><\/p>\n","protected":false},"excerpt":{"rendered":"<p>A Justi\u00e7a Eleitoral come\u00e7ou a convocar\u00a0hoje\u00a0(5) os mes\u00e1rios que v\u00e3o trabalhar nas elei\u00e7\u00f5es\u00a0de outubro. No pleito deste ano, cerca de 2 milh\u00f5es v\u00e3o colaborar com o atendimento ao eleitor nas se\u00e7\u00f5es eleitorais, nos postos de justificativa e no apoio log\u00edstico no primeiro e segundo turnos.\u00a0 As pessoas que se inscreveram para trabalhar como mes\u00e1rios ou [&hellip;]<\/p>\n","protected":false},"author":246,"featured_media":201242,"comment_status":"closed","ping_status":"closed","sticky":false,"template":"","format":"standard","meta":{"footnotes":""},"categories":[436,440,254,439],"tags":[],"class_list":["post-201241","post","type-post","status-publish","format-standard","has-post-thumbnail","hentry","category-destaque-da-semana","category-destaques-do-dia","category-politica","category-ultima-hora"],"_links":{"self":[{"href":"https:\/\/diarioregionaldigital.com.br\/index.php?rest_route=\/wp\/v2\/posts\/201241","targetHints":{"allow":["GET"]}}],"collection":[{"href":"https:\/\/diarioregionaldigital.com.br\/index.php?rest_route=\/wp\/v2\/posts"}],"about":[{"href":"https:\/\/diarioregionaldigital.com.br\/index.php?rest_route=\/wp\/v2\/types\/post"}],"author":[{"embeddable":true,"href":"https:\/\/diarioregionaldigital.com.br\/index.php?rest_route=\/wp\/v2\/users\/246"}],"replies":[{"embeddable":true,"href":"https:\/\/diarioregionaldigital.com.br\/index.php?rest_route=%2Fwp%2Fv2%2Fcomments&post=201241"}],"version-history":[{"count":1,"href":"https:\/\/diarioregionaldigital.com.br\/index.php?rest_route=\/wp\/v2\/posts\/201241\/revisions"}],"predecessor-version":[{"id":201243,"href":"https:\/\/diarioregionaldigital.com.br\/index.php?rest_route=\/wp\/v2\/posts\/201241\/revisions\/201243"}],"wp:featuredmedia":[{"embeddable":true,"href":"https:\/\/diarioregionaldigital.com.br\/index.php?rest_route=\/wp\/v2\/media\/201242"}],"wp:attachment":[{"href":"https:\/\/diarioregionaldigital.com.br\/index.php?rest_route=%2Fwp%2Fv2%2Fmedia&parent=201241"}],"wp:term":[{"taxonomy":"category","embeddable":true,"href":"https:\/\/diarioregionaldigital.com.br\/index.php?rest_route=%2Fwp%2Fv2%2Fcategories&post=201241"},{"taxonomy":"post_tag","embeddable":true,"href":"https:\/\/diarioregionaldigital.com.br\/index.php?rest_route=%2Fwp%2Fv2%2Ftags&post=201241"}],"curies":[{"name":"wp","href":"https:\/\/api.w.org\/{rel}","templated":true}]}}