{"id":201238,"date":"2022-07-06T20:56:05","date_gmt":"2022-07-06T23:56:05","guid":{"rendered":"https:\/\/diarioregionaldigital.com.br\/?p=201238"},"modified":"2022-07-06T20:56:05","modified_gmt":"2022-07-06T23:56:05","slug":"custo-da-cesta-basica-aumenta-nas-17-capitais-pesquisadas-pelo-dieese","status":"publish","type":"post","link":"https:\/\/diarioregionaldigital.com.br\/?p=201238","title":{"rendered":"Custo da cesta b\u00e1sica aumenta nas 17 capitais pesquisadas pelo Dieese"},"content":{"rendered":"<p>O custo da cesta b\u00e1sica de alimentos aumentou em junho em nove das 17 capitais onde o Departamento Intersindical de Estat\u00edstica e Estudos Socioecon\u00f4micos (Dieese) realiza a Pesquisa Nacional da Cesta B\u00e1sica de Alimentos.<img decoding=\"async\" src=\"https:\/\/agenciabrasil.ebc.com.br\/ebc.png?id=1469476&amp;o=node\" \/><img decoding=\"async\" src=\"https:\/\/agenciabrasil.ebc.com.br\/ebc.gif?id=1469476&amp;o=node\" \/><\/p>\n<p>Entre maio e junho, as maiores altas ocorreram no Nordeste, nas cidades de Fortaleza (4,54%),\u00a0Natal\u00a0(4,33%) e Jo\u00e3o Pessoa (3,36%). Oito cidades apresentaram redu\u00e7\u00f5es, sendo que as mais expressivas foram registradas no Sul: Porto Alegre (-1,90%), Curitiba (-1,74%) e Florian\u00f3polis (-1,51%).<\/p>\n<p>Segundo a pesquisa, S\u00e3o Paulo foi a capital onde a cesta b\u00e1sica teve o maior custo (R$ 777,01), seguida por Florian\u00f3polis (R$ 760,41), Porto Alegre (R$ 754,19) e Rio\u00a0de Janeiro\u00a0(R$ 733,14). Nas cidades do Norte e Nordeste, onde a composi\u00e7\u00e3o da cesta \u00e9 diferente, os menores valores m\u00e9dios foram registrados em Aracaju (R$ 549,91), Salvador (R$ 580,82) e Jo\u00e3o Pessoa (R$ 586,73).<\/p>\n<p>Na compara\u00e7\u00e3o com junho do ano passado todas as capitais pesquisadas tiveram alta de pre\u00e7o, com varia\u00e7\u00f5es que oscilaram entre 13,34%, em Vit\u00f3ria, e 26,54%, em Recife.<\/p>\n<p>A pesquisa indicou ainda que o sal\u00e1rio m\u00ednimo necess\u00e1rio para a manuten\u00e7\u00e3o de uma fam\u00edlia de quatro pessoas deveria ser de R$ 6.527,67, ou 5,39 vezes o m\u00ednimo de R$ 1.212,00. Em maio, o valor necess\u00e1rio era de R$ 6.535,40, ou 5,39 vezes o piso m\u00ednimo. Em junho de 2021, o valor do m\u00ednimo necess\u00e1rio deveria\u00a0ter\u00a0sido de R$ 5.421,84, ou 4,93 vezes o m\u00ednimo vigente na \u00e9poca, de R$ 1.100,00.<\/p>\n<h2>Produtos<\/h2>\n<p>De acordo com a pesquisa, entre os produtos cujo pre\u00e7o aumentou em todas as capitais aparece\u00a0o leite integral com as maiores altas em Belo Horizonte (23,09%), Porto Alegre (14,67%), Campo Grande (12,95%) e Rio\u00a0de Janeiro\u00a0(11,09%). No caso da manteiga, as maiores eleva\u00e7\u00f5es ocorreram em Campo Grande (5,69%), Bel\u00e9m (5,38%) e Recife (3,23%).<\/p>\n<p>Em 15 das 17 capitais o pre\u00e7o do quilo do p\u00e3o franc\u00eas subiu, com os maiores percentuais em Bel\u00e9m (10,29%), Salvador (3,36%) e\u00a0Natal\u00a0(3,21%). O pre\u00e7o da farinha de trigo, que \u00e9 coletada no Centro-Sul, teve seu pre\u00e7o elevado em todas as capitais, com destaque para em Bras\u00edlia (6,64%) e Vit\u00f3ria (5,49%).<\/p>\n<p>O quilo do feij\u00e3o carioquinha subiu em todas as cidades onde \u00e9 pesquisado e teve varia\u00e7\u00e3o entre entre 3,67%, em Bel\u00e9m e 13,74%, em Recife. O pre\u00e7o do quilo do caf\u00e9 em p\u00f3 cresceu em 13 capitais, com as principais altas em S\u00e3o Paulo (4,43%), Bel\u00e9m (3,31%) e Recife (3,31%).<\/p>\n<p>No sentido contr\u00e1rio aparece a batata que apresentou queda de pre\u00e7o em todas as cidades, com as redu\u00e7\u00f5es mais expressivas em Campo Grande (-19,60%), Florian\u00f3polis (-16,31%) e Belo Horizonte (-14,72%).<\/p>\n<p><span style=\"font-weight: 400;\">Fonte: Ag\u00eancia Brasil\u00a0<\/span><span style=\"font-weight: 400;\"><br \/>\n<\/span><\/p>\n","protected":false},"excerpt":{"rendered":"<p>O custo da cesta b\u00e1sica de alimentos aumentou em junho em nove das 17 capitais onde o Departamento Intersindical de Estat\u00edstica e Estudos Socioecon\u00f4micos (Dieese) realiza a Pesquisa Nacional da Cesta B\u00e1sica de Alimentos. Entre maio e junho, as maiores altas ocorreram no Nordeste, nas cidades de Fortaleza (4,54%),\u00a0Natal\u00a0(4,33%) e Jo\u00e3o Pessoa (3,36%). Oito cidades [&hellip;]<\/p>\n","protected":false},"author":246,"featured_media":201239,"comment_status":"closed","ping_status":"closed","sticky":false,"template":"","format":"standard","meta":{"footnotes":""},"categories":[436,261,439],"tags":[],"class_list":["post-201238","post","type-post","status-publish","format-standard","has-post-thumbnail","hentry","category-destaque-da-semana","category-economia","category-ultima-hora"],"_links":{"self":[{"href":"https:\/\/diarioregionaldigital.com.br\/index.php?rest_route=\/wp\/v2\/posts\/201238","targetHints":{"allow":["GET"]}}],"collection":[{"href":"https:\/\/diarioregionaldigital.com.br\/index.php?rest_route=\/wp\/v2\/posts"}],"about":[{"href":"https:\/\/diarioregionaldigital.com.br\/index.php?rest_route=\/wp\/v2\/types\/post"}],"author":[{"embeddable":true,"href":"https:\/\/diarioregionaldigital.com.br\/index.php?rest_route=\/wp\/v2\/users\/246"}],"replies":[{"embeddable":true,"href":"https:\/\/diarioregionaldigital.com.br\/index.php?rest_route=%2Fwp%2Fv2%2Fcomments&post=201238"}],"version-history":[{"count":1,"href":"https:\/\/diarioregionaldigital.com.br\/index.php?rest_route=\/wp\/v2\/posts\/201238\/revisions"}],"predecessor-version":[{"id":201240,"href":"https:\/\/diarioregionaldigital.com.br\/index.php?rest_route=\/wp\/v2\/posts\/201238\/revisions\/201240"}],"wp:featuredmedia":[{"embeddable":true,"href":"https:\/\/diarioregionaldigital.com.br\/index.php?rest_route=\/wp\/v2\/media\/201239"}],"wp:attachment":[{"href":"https:\/\/diarioregionaldigital.com.br\/index.php?rest_route=%2Fwp%2Fv2%2Fmedia&parent=201238"}],"wp:term":[{"taxonomy":"category","embeddable":true,"href":"https:\/\/diarioregionaldigital.com.br\/index.php?rest_route=%2Fwp%2Fv2%2Fcategories&post=201238"},{"taxonomy":"post_tag","embeddable":true,"href":"https:\/\/diarioregionaldigital.com.br\/index.php?rest_route=%2Fwp%2Fv2%2Ftags&post=201238"}],"curies":[{"name":"wp","href":"https:\/\/api.w.org\/{rel}","templated":true}]}}