{"id":201235,"date":"2022-07-06T20:54:20","date_gmt":"2022-07-06T23:54:20","guid":{"rendered":"https:\/\/diarioregionaldigital.com.br\/?p=201235"},"modified":"2022-07-06T20:54:20","modified_gmt":"2022-07-06T23:54:20","slug":"viagens-tem-queda-de-41-entre-2019-e-2021","status":"publish","type":"post","link":"https:\/\/diarioregionaldigital.com.br\/?p=201235","title":{"rendered":"Viagens t\u00eam queda de 41% entre 2019 e 2021"},"content":{"rendered":"<p>m 2019, os brasileiros fizeram 20,9 milh\u00f5es de viagens; em 2020, 13,6 milh\u00f5es, e em 2021, 12,3 milh\u00f5es. O n\u00famero de viagens caiu 41% entre 2019 e 2021. Em 2020, 98% das viagens foram nacionais e, no ano passado, esse percentual foi de 99,3%. O \u00edndice\u00a0de viagens internacionais caiu de 3,8% em 2019 para 0,7% em 2021.<img decoding=\"async\" src=\"https:\/\/agenciabrasil.ebc.com.br\/ebc.png?id=1469412&amp;o=node\" \/><img decoding=\"async\" src=\"https:\/\/agenciabrasil.ebc.com.br\/ebc.gif?id=1469412&amp;o=node\" \/><\/p>\n<p>A Pesquisa Nacional por Amostra de Domic\u00edlios (Pnad) Cont\u00ednua\u00a0Turismo 2020-2021, divulgada\u00a0hoje\u00a0(6) pelo Instituto Brasileiro de Geografia e Estat\u00edstica (IBGE), mostra que, a propor\u00e7\u00e3o de domic\u00edlios em que algum morador viajou caiu de 21,8% em 2019, para 13,9% em 2020, e para 12,7% em 2021.<\/p>\n<p>Na an\u00e1lise do IBGE, apesar de o turismo\u00a0ter\u00a0sido fortemente afetado pela pandemia de covid-19 com a\u00a0necessidade de isolamento social e pelo fechamento de v\u00e1rios estabelecimentos tur\u00edsticos, o motivo de n\u00e3o\u00a0ter\u00a0dinheiro para viajar permaneceu sendo o principal para a queda das viagens.<\/p>\n<p>A analista da pesquisa, Fl\u00e1via Vinhaes, tamb\u00e9m destaca que a crise sanit\u00e1ria, com as medidas de afastamento social, a impossibilidade de pegar voos, o medo de contrair a doen\u00e7a ou mesmo por\u00a0ter\u00a0sido infectado pelo novo coronav\u00edrus, foi importante fator para a diminui\u00e7\u00e3o das viagens nacionais e internacionais nos dois \u00faltimos anos.<\/p>\n<p>A Pnad\u00a0levantou, pela primeira vez, os gastos com turismo. Em 2021, as despesas\u00a0totais em viagens nacionais com pernoite somaram R$ 9,8 bilh\u00f5es, contra R$ 11 bilh\u00f5es em 2020. Em 2021, os maiores gastos foram em viagens para S\u00e3o Paulo (R$ 1,8 bilh\u00e3o), Bahia (R$1,1 bilh\u00e3o) e Rio\u00a0de Janeiro\u00a0(R$1 bilh\u00e3o).<\/p>\n<p>Uma em cada cinco viagens (ou 20,6% delas) foi para o estado de S\u00e3o Paulo, o destino mais procurado. Minas Gerais (11,4%) e Bahia (9,5%) vieram em seguida.<\/p>\n<p>Em cerca de um\u00a0ter\u00e7o (33,1%) dos domic\u00edlios com renda\u00a0<em>per capita<\/em>\u00a0de quatro ou mais sal\u00e1rios m\u00ednimos, algum morador viajou em 2021. Por outro lado, em apenas 7,7% dos domic\u00edlios com renda\u00a0<em>per capita<\/em>\u00a0abaixo de meio sal\u00e1rio m\u00ednimo, algum morador viajou no ano passado.<\/p>\n<p>Nos domic\u00edlios com renda\u00a0<em>per capita<\/em>\u00a0abaixo de meio sal\u00e1rio m\u00ednimo, 35,1% das viagens pessoais foram para tratamento de sa\u00fade e apenas 14,3% para lazer. J\u00e1 nos domic\u00edlios com renda\u00a0<em>per capita<\/em>\u00a0de quatro ou mais sal\u00e1rios m\u00ednimos, 57,5% das viagens foram para lazer e apenas 4,4% para tratamento de sa\u00fade.<\/p>\n<p>Entre os motivos de lazer, em 2020, 55,6% das viagens foram em busca de turismo de sol e praia. Em 2021, esse percentual foi de 48,7%. Viagens de natureza, ecoturismo ou aventura responderam por 20,5% em 2020 e 25,6% em 2021.<\/p>\n<p>Cerca de 57,2% das viagens de 2021 foram em carro particular ou de empresas, 12,5% em \u00f4nibus de linha e 10,2% de avi\u00e3o. Do total de viagens em 2021, cerca de 14,6% foram profissionais e 85,4%, pessoais.<\/p>\n<p>Como principal local de hospedagem, a casa de amigos ou parentes superou as demais modalidades, representando, em 2021, 42,9% entre as alternativas. Em segundo lugar, ficou a op\u00e7\u00e3o hotel,\u00a0<em>resort<\/em>\u00a0ou\u00a0<em>flat<\/em>, com 14,7%, diz o IBGE.<\/p>\n<p><span style=\"font-weight: 400;\"><br \/>\n<\/span><span style=\"font-weight: 400;\">Fonte: Ag\u00eancia Brasil <\/span><\/p>\n","protected":false},"excerpt":{"rendered":"<p>m 2019, os brasileiros fizeram 20,9 milh\u00f5es de viagens; em 2020, 13,6 milh\u00f5es, e em 2021, 12,3 milh\u00f5es. O n\u00famero de viagens caiu 41% entre 2019 e 2021. Em 2020, 98% das viagens foram nacionais e, no ano passado, esse percentual foi de 99,3%. O \u00edndice\u00a0de viagens internacionais caiu de 3,8% em 2019 para 0,7% [&hellip;]<\/p>\n","protected":false},"author":246,"featured_media":201236,"comment_status":"closed","ping_status":"closed","sticky":false,"template":"","format":"standard","meta":{"footnotes":""},"categories":[436,261,439],"tags":[],"class_list":["post-201235","post","type-post","status-publish","format-standard","has-post-thumbnail","hentry","category-destaque-da-semana","category-economia","category-ultima-hora"],"_links":{"self":[{"href":"https:\/\/diarioregionaldigital.com.br\/index.php?rest_route=\/wp\/v2\/posts\/201235","targetHints":{"allow":["GET"]}}],"collection":[{"href":"https:\/\/diarioregionaldigital.com.br\/index.php?rest_route=\/wp\/v2\/posts"}],"about":[{"href":"https:\/\/diarioregionaldigital.com.br\/index.php?rest_route=\/wp\/v2\/types\/post"}],"author":[{"embeddable":true,"href":"https:\/\/diarioregionaldigital.com.br\/index.php?rest_route=\/wp\/v2\/users\/246"}],"replies":[{"embeddable":true,"href":"https:\/\/diarioregionaldigital.com.br\/index.php?rest_route=%2Fwp%2Fv2%2Fcomments&post=201235"}],"version-history":[{"count":1,"href":"https:\/\/diarioregionaldigital.com.br\/index.php?rest_route=\/wp\/v2\/posts\/201235\/revisions"}],"predecessor-version":[{"id":201237,"href":"https:\/\/diarioregionaldigital.com.br\/index.php?rest_route=\/wp\/v2\/posts\/201235\/revisions\/201237"}],"wp:featuredmedia":[{"embeddable":true,"href":"https:\/\/diarioregionaldigital.com.br\/index.php?rest_route=\/wp\/v2\/media\/201236"}],"wp:attachment":[{"href":"https:\/\/diarioregionaldigital.com.br\/index.php?rest_route=%2Fwp%2Fv2%2Fmedia&parent=201235"}],"wp:term":[{"taxonomy":"category","embeddable":true,"href":"https:\/\/diarioregionaldigital.com.br\/index.php?rest_route=%2Fwp%2Fv2%2Fcategories&post=201235"},{"taxonomy":"post_tag","embeddable":true,"href":"https:\/\/diarioregionaldigital.com.br\/index.php?rest_route=%2Fwp%2Fv2%2Ftags&post=201235"}],"curies":[{"name":"wp","href":"https:\/\/api.w.org\/{rel}","templated":true}]}}