{"id":201232,"date":"2022-07-06T20:52:12","date_gmt":"2022-07-06T23:52:12","guid":{"rendered":"https:\/\/diarioregionaldigital.com.br\/?p=201232"},"modified":"2022-07-06T20:52:12","modified_gmt":"2022-07-06T23:52:12","slug":"indice-de-variacao-dos-alugueis-cai-031-em-junho-diz-fgv","status":"publish","type":"post","link":"https:\/\/diarioregionaldigital.com.br\/?p=201232","title":{"rendered":"\u00cdndice de varia\u00e7\u00e3o dos alugu\u00e9is cai 0,31% em junho, diz FGV"},"content":{"rendered":"<p>\u00cdndice de Varia\u00e7\u00e3o de Alugu\u00e9is Residenciais (Ivar) registrou defla\u00e7\u00e3o (queda de pre\u00e7os) de 0,31% em junho deste ano, segundo a Funda\u00e7\u00e3o Getulio Vargas (FGV). O indicador mede os pre\u00e7os dos alugu\u00e9is em quatro cidades brasileiras: S\u00e3o Paulo, Rio de Janeiro, Belo Horizonte e Porto Alegre.<img decoding=\"async\" src=\"https:\/\/agenciabrasil.ebc.com.br\/ebc.png?id=1469425&amp;o=node\" \/><img decoding=\"async\" src=\"https:\/\/agenciabrasil.ebc.com.br\/ebc.gif?id=1469425&amp;o=node\" \/><\/p>\n<p>Em maio deste ano, o Ivar havia registrado infla\u00e7\u00e3o de 0,59%. Com isso, o \u00edndice acumula, em junho, taxa de infla\u00e7\u00e3o de 8,05% em 12 meses, abaixo dos 8,83% acumulados no m\u00eas anterior.<\/p>\n<p>\u201cO Ivar deve come\u00e7ar a se assemelhar cada vez mais com o resultado acumulado do IPCA, uma vez que o IPCA vem sendo adotado como o indexador de contratos de aluguel residencial. A partir desse segundo semestre, essa taxa de varia\u00e7\u00e3o acumulada dos alugu\u00e9is deve estabilizar em torno de 8% a 9%\u201d, explica o pesquisador da FGV, Paulo Picchetti.<\/p>\n<p>S\u00e3o Paulo foi a \u00fanica cidade a registrar infla\u00e7\u00e3o no Ivar de junho (0,86%). No m\u00eas anterior, o indicador havia apresentado defla\u00e7\u00e3o de 0,26%.<\/p>\n<p>As demais cidades apresentaram defla\u00e7\u00e3o em junho: Rio de Janeiro (-0,26% ante uma infla\u00e7\u00e3o de 1,31% no m\u00eas anterior), Porto Alegre (-0,27% ante uma infla\u00e7\u00e3o de 0,87% em maio) e Belo Horizonte (-4,12% ante uma infla\u00e7\u00e3o de 1,97% em maio).<\/p>\n<p><span style=\"font-weight: 400;\"><br \/>\n<\/span><span style=\"font-weight: 400;\">Fonte: Ag\u00eancia Brasil <\/span><\/p>\n","protected":false},"excerpt":{"rendered":"<p>\u00cdndice de Varia\u00e7\u00e3o de Alugu\u00e9is Residenciais (Ivar) registrou defla\u00e7\u00e3o (queda de pre\u00e7os) de 0,31% em junho deste ano, segundo a Funda\u00e7\u00e3o Getulio Vargas (FGV). O indicador mede os pre\u00e7os dos alugu\u00e9is em quatro cidades brasileiras: S\u00e3o Paulo, Rio de Janeiro, Belo Horizonte e Porto Alegre. Em maio deste ano, o Ivar havia registrado infla\u00e7\u00e3o de [&hellip;]<\/p>\n","protected":false},"author":246,"featured_media":201233,"comment_status":"closed","ping_status":"closed","sticky":false,"template":"","format":"standard","meta":{"footnotes":""},"categories":[436,261,439],"tags":[],"class_list":["post-201232","post","type-post","status-publish","format-standard","has-post-thumbnail","hentry","category-destaque-da-semana","category-economia","category-ultima-hora"],"_links":{"self":[{"href":"https:\/\/diarioregionaldigital.com.br\/index.php?rest_route=\/wp\/v2\/posts\/201232","targetHints":{"allow":["GET"]}}],"collection":[{"href":"https:\/\/diarioregionaldigital.com.br\/index.php?rest_route=\/wp\/v2\/posts"}],"about":[{"href":"https:\/\/diarioregionaldigital.com.br\/index.php?rest_route=\/wp\/v2\/types\/post"}],"author":[{"embeddable":true,"href":"https:\/\/diarioregionaldigital.com.br\/index.php?rest_route=\/wp\/v2\/users\/246"}],"replies":[{"embeddable":true,"href":"https:\/\/diarioregionaldigital.com.br\/index.php?rest_route=%2Fwp%2Fv2%2Fcomments&post=201232"}],"version-history":[{"count":1,"href":"https:\/\/diarioregionaldigital.com.br\/index.php?rest_route=\/wp\/v2\/posts\/201232\/revisions"}],"predecessor-version":[{"id":201234,"href":"https:\/\/diarioregionaldigital.com.br\/index.php?rest_route=\/wp\/v2\/posts\/201232\/revisions\/201234"}],"wp:featuredmedia":[{"embeddable":true,"href":"https:\/\/diarioregionaldigital.com.br\/index.php?rest_route=\/wp\/v2\/media\/201233"}],"wp:attachment":[{"href":"https:\/\/diarioregionaldigital.com.br\/index.php?rest_route=%2Fwp%2Fv2%2Fmedia&parent=201232"}],"wp:term":[{"taxonomy":"category","embeddable":true,"href":"https:\/\/diarioregionaldigital.com.br\/index.php?rest_route=%2Fwp%2Fv2%2Fcategories&post=201232"},{"taxonomy":"post_tag","embeddable":true,"href":"https:\/\/diarioregionaldigital.com.br\/index.php?rest_route=%2Fwp%2Fv2%2Ftags&post=201232"}],"curies":[{"name":"wp","href":"https:\/\/api.w.org\/{rel}","templated":true}]}}