{"id":201220,"date":"2022-07-06T00:01:06","date_gmt":"2022-07-06T03:01:06","guid":{"rendered":"https:\/\/diarioregionaldigital.com.br\/?p=201220"},"modified":"2022-07-06T00:01:06","modified_gmt":"2022-07-06T03:01:06","slug":"programa-de-atividade-fisica-comemora-18-anos-com-baile-especial","status":"publish","type":"post","link":"https:\/\/diarioregionaldigital.com.br\/?p=201220","title":{"rendered":"Programa de Atividade F\u00edsica comemora 18 anos com baile especial"},"content":{"rendered":"<p>Segundo informa\u00e7\u00f5es do site da Prefeitura de Juiz de Fora (PJF), o\u00a0Programa de Atividade F\u00edsica e Qualidade de Vida (PAFQV) da Prefeitura de Juiz de Fora (PJF), desenvolvido pela Secretaria de Recursos Humanos (SRH), completa 18 anos em 2022. Para marcar a data, o PAFQV promoveu um baile especial no C\u00edrculo Militar de Juiz de Fora, reunindo participantes do programa, amigos e familiares.<\/p>\n<p>&nbsp;<\/p>\n<p>Ao som de muita m\u00fasica e direito \u00e0 tradicional pista de dan\u00e7a, o baile de 18 anos do PAFQV tamb\u00e9m contou com a comemora\u00e7\u00e3o dos aniversariantes do programa do primeiro semestre. \u201cFoi \u00f3tima! \u00c9 uma festa tradicional que realizamos com esse intuito de integrar os participantes. Pudemos retornar ap\u00f3s dois anos devido \u00e0 pandemia e a avalia\u00e7\u00e3o \u00e9 muito positiva\u201d, destacou a coordenadora do PAFQV,\u00a0 professora L\u00facia Coelho.<\/p>\n<p>&nbsp;<\/p>\n<p>O PAFQV \u00e9 desenvolvido pelo Departamento de Ambi\u00eancia Organizacional (Damor) da Subsecretaria de Pessoas da SRH e visa disponibilizar ao servidor municipal a pr\u00e1tica de atividade f\u00edsica e de lazer, oferecendo aos usu\u00e1rios aulas regulares de yoga, pilates, zumba, treinamento funcional, jazz e dan\u00e7a de sal\u00e3o, ministradas no Museu Ferrovi\u00e1rio. As inscri\u00e7\u00f5es s\u00e3o realizadas semestralmente pelo Damor, e a cada seis meses s\u00e3o apresentadas mostras dos trabalhos ali desenvolvidos.<\/p>\n","protected":false},"excerpt":{"rendered":"<p>Segundo informa\u00e7\u00f5es do site da Prefeitura de Juiz de Fora (PJF), o\u00a0Programa de Atividade F\u00edsica e Qualidade de Vida (PAFQV) da Prefeitura de Juiz de Fora (PJF), desenvolvido pela Secretaria de Recursos Humanos (SRH), completa 18 anos em 2022. Para marcar a data, o PAFQV promoveu um baile especial no C\u00edrculo Militar de Juiz de [&hellip;]<\/p>\n","protected":false},"author":246,"featured_media":201221,"comment_status":"closed","ping_status":"closed","sticky":false,"template":"","format":"standard","meta":{"footnotes":""},"categories":[253,436,439],"tags":[],"class_list":["post-201220","post","type-post","status-publish","format-standard","has-post-thumbnail","hentry","category-cidade","category-destaque-da-semana","category-ultima-hora"],"_links":{"self":[{"href":"https:\/\/diarioregionaldigital.com.br\/index.php?rest_route=\/wp\/v2\/posts\/201220","targetHints":{"allow":["GET"]}}],"collection":[{"href":"https:\/\/diarioregionaldigital.com.br\/index.php?rest_route=\/wp\/v2\/posts"}],"about":[{"href":"https:\/\/diarioregionaldigital.com.br\/index.php?rest_route=\/wp\/v2\/types\/post"}],"author":[{"embeddable":true,"href":"https:\/\/diarioregionaldigital.com.br\/index.php?rest_route=\/wp\/v2\/users\/246"}],"replies":[{"embeddable":true,"href":"https:\/\/diarioregionaldigital.com.br\/index.php?rest_route=%2Fwp%2Fv2%2Fcomments&post=201220"}],"version-history":[{"count":1,"href":"https:\/\/diarioregionaldigital.com.br\/index.php?rest_route=\/wp\/v2\/posts\/201220\/revisions"}],"predecessor-version":[{"id":201222,"href":"https:\/\/diarioregionaldigital.com.br\/index.php?rest_route=\/wp\/v2\/posts\/201220\/revisions\/201222"}],"wp:featuredmedia":[{"embeddable":true,"href":"https:\/\/diarioregionaldigital.com.br\/index.php?rest_route=\/wp\/v2\/media\/201221"}],"wp:attachment":[{"href":"https:\/\/diarioregionaldigital.com.br\/index.php?rest_route=%2Fwp%2Fv2%2Fmedia&parent=201220"}],"wp:term":[{"taxonomy":"category","embeddable":true,"href":"https:\/\/diarioregionaldigital.com.br\/index.php?rest_route=%2Fwp%2Fv2%2Fcategories&post=201220"},{"taxonomy":"post_tag","embeddable":true,"href":"https:\/\/diarioregionaldigital.com.br\/index.php?rest_route=%2Fwp%2Fv2%2Ftags&post=201220"}],"curies":[{"name":"wp","href":"https:\/\/api.w.org\/{rel}","templated":true}]}}