{"id":201216,"date":"2022-07-05T23:01:39","date_gmt":"2022-07-06T02:01:39","guid":{"rendered":"https:\/\/diarioregionaldigital.com.br\/?p=201216"},"modified":"2022-07-05T23:01:39","modified_gmt":"2022-07-06T02:01:39","slug":"grupo-de-mulheres-do-cras-centro-realiza-encerramento-do-semestre-de-encontros","status":"publish","type":"post","link":"https:\/\/diarioregionaldigital.com.br\/?p=201216","title":{"rendered":"Grupo de Mulheres do Cras Centro realiza encerramento do semestre de encontros"},"content":{"rendered":"<p>Segundo informa\u00e7\u00f5es do site da Prefeitura de Juiz de Fora (PJF), nesta quarta-feira, dia 6 de julho, acontecer\u00e1 o encerramento do semestre do Grupo de Mulheres do Centro de Refer\u00eancia de Assist\u00eancia Social (Cras) Centro, no Museu Ferrovi\u00e1rio. O grupo \u201cTerrit\u00f3rios em Empoderamento &#8211; Uma ciranda para todos n\u00f3s\u201d trabalhou temas do cotidiano feminino durante os encontros, e contar\u00e1 com cirandas, oficinas de tambor mineiro e rodas de conversa para encerrar o semestre.<\/p>\n<p>&nbsp;<\/p>\n<p>Estar\u00e3o presentes no encerramento as mulheres participantes do grupo, al\u00e9m de representantes de mulheres de outros Cras e da comunidade do Dom Bosco, em parceria com o Projeto Pretxs em Movimento e Aban.<\/p>\n<p>&nbsp;<\/p>\n<p>Os encontros debateram, ao longo do per\u00edodo, tem\u00e1ticas que abordam desde o hist\u00f3rico papel social da mulher at\u00e9 a atualidade e viv\u00eancia pessoal de cada uma. Eles ajudam a\u00a0 ampliar conhecimentos e fortalecer as mulheres para a\u00e7\u00f5es al\u00e9m do Cras, exercendo seus direitos e incentivando a participa\u00e7\u00e3o social em outros territ\u00f3rios.<\/p>\n<p>&nbsp;<\/p>\n<p>Para Priscila Marques, psic\u00f3loga e coordenadora das a\u00e7\u00f5es, a troca durante os encontros foi muito rica. \u201c\u00c9 incr\u00edvel como um espa\u00e7o mensal de escuta faz diferen\u00e7a na vida das mulheres. Em um dos encontros, entregamos mudas para elas, representando que somos germinadoras de gente e sementes nas vivencias. Uma das mulheres atendidas, por exemplo, que est\u00e1 em tratamento de depress\u00e3o, sempre nos envia fotos da evolu\u00e7\u00e3o do plantio e agradece o apoio\u201d, completa.<\/p>\n","protected":false},"excerpt":{"rendered":"<p>Segundo informa\u00e7\u00f5es do site da Prefeitura de Juiz de Fora (PJF), nesta quarta-feira, dia 6 de julho, acontecer\u00e1 o encerramento do semestre do Grupo de Mulheres do Centro de Refer\u00eancia de Assist\u00eancia Social (Cras) Centro, no Museu Ferrovi\u00e1rio. O grupo \u201cTerrit\u00f3rios em Empoderamento &#8211; Uma ciranda para todos n\u00f3s\u201d trabalhou temas do cotidiano feminino durante [&hellip;]<\/p>\n","protected":false},"author":246,"featured_media":201217,"comment_status":"closed","ping_status":"closed","sticky":false,"template":"","format":"standard","meta":{"footnotes":""},"categories":[253,436,439],"tags":[],"class_list":["post-201216","post","type-post","status-publish","format-standard","has-post-thumbnail","hentry","category-cidade","category-destaque-da-semana","category-ultima-hora"],"_links":{"self":[{"href":"https:\/\/diarioregionaldigital.com.br\/index.php?rest_route=\/wp\/v2\/posts\/201216","targetHints":{"allow":["GET"]}}],"collection":[{"href":"https:\/\/diarioregionaldigital.com.br\/index.php?rest_route=\/wp\/v2\/posts"}],"about":[{"href":"https:\/\/diarioregionaldigital.com.br\/index.php?rest_route=\/wp\/v2\/types\/post"}],"author":[{"embeddable":true,"href":"https:\/\/diarioregionaldigital.com.br\/index.php?rest_route=\/wp\/v2\/users\/246"}],"replies":[{"embeddable":true,"href":"https:\/\/diarioregionaldigital.com.br\/index.php?rest_route=%2Fwp%2Fv2%2Fcomments&post=201216"}],"version-history":[{"count":1,"href":"https:\/\/diarioregionaldigital.com.br\/index.php?rest_route=\/wp\/v2\/posts\/201216\/revisions"}],"predecessor-version":[{"id":201218,"href":"https:\/\/diarioregionaldigital.com.br\/index.php?rest_route=\/wp\/v2\/posts\/201216\/revisions\/201218"}],"wp:featuredmedia":[{"embeddable":true,"href":"https:\/\/diarioregionaldigital.com.br\/index.php?rest_route=\/wp\/v2\/media\/201217"}],"wp:attachment":[{"href":"https:\/\/diarioregionaldigital.com.br\/index.php?rest_route=%2Fwp%2Fv2%2Fmedia&parent=201216"}],"wp:term":[{"taxonomy":"category","embeddable":true,"href":"https:\/\/diarioregionaldigital.com.br\/index.php?rest_route=%2Fwp%2Fv2%2Fcategories&post=201216"},{"taxonomy":"post_tag","embeddable":true,"href":"https:\/\/diarioregionaldigital.com.br\/index.php?rest_route=%2Fwp%2Fv2%2Ftags&post=201216"}],"curies":[{"name":"wp","href":"https:\/\/api.w.org\/{rel}","templated":true}]}}