{"id":201211,"date":"2022-07-05T22:59:29","date_gmt":"2022-07-06T01:59:29","guid":{"rendered":"https:\/\/diarioregionaldigital.com.br\/?p=201211"},"modified":"2022-07-05T22:59:29","modified_gmt":"2022-07-06T01:59:29","slug":"pjf-atende-14-bairros-com-acoes-do-programa-boniteza","status":"publish","type":"post","link":"https:\/\/diarioregionaldigital.com.br\/?p=201211","title":{"rendered":"PJF atende 14 bairros com a\u00e7\u00f5es do Programa Boniteza"},"content":{"rendered":"<p>Segundo informa\u00e7\u00f5es do site da Prefeitura de Juiz de Fora (PJF), as a\u00e7\u00f5es da Prefeitura de Juiz de Fora (PJF) seguem espalhando Boniteza pela cidade. Nesta ter\u00e7a-feira, 5, equipes da Empresa Municipal de Pavimenta\u00e7\u00e3o e Urbanidades (Empav) estiveram em 14 bairros do munic\u00edpio com as a\u00e7\u00f5es de zeladoria do Programa Boniteza. Em diversas regi\u00f5es da cidade foram realizados trabalhos de limpeza e poda de grama e de \u00e1rvores.<\/p>\n<p>Durante o dia, receberam limpeza e poda de grama nove pra\u00e7as, um campo de futebol e dois canteiros laterais. Entre os locais atendidos, destaque para o bairro Monte Castelo, que recebeu equipes da Empav em duas pra\u00e7as: Jos\u00e9 Christiano Franck e Francisco Ferreira de Freitas.<\/p>\n<p><strong>Confira os bairros visitados pelo Programa Boniteza nesta ter\u00e7a:<\/strong><\/p>\n<p>Aeroporto*<\/p>\n<p>Esplanada*<\/p>\n<p>Monte Castelo*<\/p>\n<p>Grama*<\/p>\n<p>Graminha*<\/p>\n<p>Vila Esperan\u00e7a*<\/p>\n<p>Linhares*<\/p>\n<p>J\u00f3quei Clube III*<\/p>\n<p>Nova Era*<\/p>\n<p>Democrata*<\/p>\n<p>Centro**<\/p>\n<p>Parque Serra Verde**<\/p>\n<p>Jardim do Sol**<\/p>\n<p>Bom Jardim**<\/p>\n<p>*Limpeza e poda de grama<\/p>\n<p>**Poda de \u00e1rvores<\/p>\n<p>&nbsp;<\/p>\n<p>A programa\u00e7\u00e3o completa das atividades realizadas pela Empav pode ser acompanhada diariamente atrav\u00e9s da p\u00e1gina do Gabinete de A\u00e7\u00e3o e Di\u00e1logo Comunit\u00e1rio, pelo<a href=\"https:\/\/www.pjf.mg.gov.br\/gabinetecomunitario\/#onde\">\u00a0link<\/a>.<\/p>\n<p>Todas as a\u00e7\u00f5es de reestrutura\u00e7\u00e3o, urbaniza\u00e7\u00e3o e zeladoria realizadas pela Empav fazem parte do Programa Boniteza. Estes e outros servi\u00e7os podem ser solicitados atrav\u00e9s do Gabinete de A\u00e7\u00e3o e Di\u00e1logo Comunit\u00e1rio, que recebe e organiza pedidos relativos a interven\u00e7\u00f5es e melhorias urbanas. O contato pode ser feito por liga\u00e7\u00e3o telef\u00f4nica, pelo n\u00famero (32) 3690-7241 ou, ainda, via WhatsApp, utilizando o mesmo n\u00famero.<\/p>\n","protected":false},"excerpt":{"rendered":"<p>Segundo informa\u00e7\u00f5es do site da Prefeitura de Juiz de Fora (PJF), as a\u00e7\u00f5es da Prefeitura de Juiz de Fora (PJF) seguem espalhando Boniteza pela cidade. Nesta ter\u00e7a-feira, 5, equipes da Empresa Municipal de Pavimenta\u00e7\u00e3o e Urbanidades (Empav) estiveram em 14 bairros do munic\u00edpio com as a\u00e7\u00f5es de zeladoria do Programa Boniteza. Em diversas regi\u00f5es da [&hellip;]<\/p>\n","protected":false},"author":246,"featured_media":201212,"comment_status":"closed","ping_status":"closed","sticky":false,"template":"","format":"standard","meta":{"footnotes":""},"categories":[253,436,439],"tags":[],"class_list":["post-201211","post","type-post","status-publish","format-standard","has-post-thumbnail","hentry","category-cidade","category-destaque-da-semana","category-ultima-hora"],"_links":{"self":[{"href":"https:\/\/diarioregionaldigital.com.br\/index.php?rest_route=\/wp\/v2\/posts\/201211","targetHints":{"allow":["GET"]}}],"collection":[{"href":"https:\/\/diarioregionaldigital.com.br\/index.php?rest_route=\/wp\/v2\/posts"}],"about":[{"href":"https:\/\/diarioregionaldigital.com.br\/index.php?rest_route=\/wp\/v2\/types\/post"}],"author":[{"embeddable":true,"href":"https:\/\/diarioregionaldigital.com.br\/index.php?rest_route=\/wp\/v2\/users\/246"}],"replies":[{"embeddable":true,"href":"https:\/\/diarioregionaldigital.com.br\/index.php?rest_route=%2Fwp%2Fv2%2Fcomments&post=201211"}],"version-history":[{"count":2,"href":"https:\/\/diarioregionaldigital.com.br\/index.php?rest_route=\/wp\/v2\/posts\/201211\/revisions"}],"predecessor-version":[{"id":201214,"href":"https:\/\/diarioregionaldigital.com.br\/index.php?rest_route=\/wp\/v2\/posts\/201211\/revisions\/201214"}],"wp:featuredmedia":[{"embeddable":true,"href":"https:\/\/diarioregionaldigital.com.br\/index.php?rest_route=\/wp\/v2\/media\/201212"}],"wp:attachment":[{"href":"https:\/\/diarioregionaldigital.com.br\/index.php?rest_route=%2Fwp%2Fv2%2Fmedia&parent=201211"}],"wp:term":[{"taxonomy":"category","embeddable":true,"href":"https:\/\/diarioregionaldigital.com.br\/index.php?rest_route=%2Fwp%2Fv2%2Fcategories&post=201211"},{"taxonomy":"post_tag","embeddable":true,"href":"https:\/\/diarioregionaldigital.com.br\/index.php?rest_route=%2Fwp%2Fv2%2Ftags&post=201211"}],"curies":[{"name":"wp","href":"https:\/\/api.w.org\/{rel}","templated":true}]}}