{"id":201208,"date":"2022-07-05T22:55:05","date_gmt":"2022-07-06T01:55:05","guid":{"rendered":"https:\/\/diarioregionaldigital.com.br\/?p=201208"},"modified":"2022-07-05T22:55:05","modified_gmt":"2022-07-06T01:55:05","slug":"pjf-realiza-oficinas-de-educacao-permanente-em-saude-para-o-enfrentamento-as-arboviroses","status":"publish","type":"post","link":"https:\/\/diarioregionaldigital.com.br\/?p=201208","title":{"rendered":"PJF realiza Oficinas de Educa\u00e7\u00e3o Permanente em Sa\u00fade para o Enfrentamento \u00e0s Arboviroses"},"content":{"rendered":"<p>Segundo informa\u00e7\u00f5es do site da Prefeitura de Juiz de Fora (PJF), com objetivo de Promover espa\u00e7o de reflex\u00e3o e di\u00e1logo sobre o papel do Agente Comunit\u00e1rio de Sa\u00fade (ACS) em a\u00e7\u00f5es inerentes \u00e0 vigil\u00e2ncia e preven\u00e7\u00e3o \u00e0s Arboviroses, a Prefeitura de Juiz de Fora (PJF) planejou Oficinas de Educa\u00e7\u00e3o Permanente em Sa\u00fade para o Enfrentamento \u00e0s Arboviroses para todos os Agentes Comunit\u00e1rios de Sa\u00fade.<\/p>\n<p>&nbsp;<\/p>\n<p>Segundo o gerente do Departamentos de Programas e A\u00e7\u00f5es de Aten\u00e7\u00e3o \u00e0 Sa\u00fade (DPAAS), Jo\u00e3o Daniel Neto, \u201ca\u00e7\u00f5es de forma\u00e7\u00e3o e educa\u00e7\u00e3o em sa\u00fade como esta s\u00e3o de suma import\u00e2ncia para a Aten\u00e7\u00e3o B\u00e1sica e para a Estrat\u00e9gia de Sa\u00fade da Fam\u00edlia. E, para esta a\u00e7\u00e3o que envolve aproximadamente 500 profissionais de sa\u00fade, contamos com imprescind\u00edvel apoio dos Programas de Resid\u00eancia M\u00e9dica em Medicina de Fam\u00edlia e Comunidade da Secretaria de Sa\u00fade e do Hospital Universit\u00e1rio da Universidade Federal de Juiz de Fora (HU-UFJF) e dos Programas de Resid\u00eancia Multiprofissional em Sa\u00fade da Fam\u00edlia e do Adulto, tamb\u00e9m do HU. Uma atividade com coopera\u00e7\u00e3o interinstitucional e interprofissional\u201d.<\/p>\n<p>&nbsp;<\/p>\n<p>Cada Grupo de facilitadores \u00e9 respons\u00e1vel por\u00a0 uma regi\u00e3o, com\u00a0 aproximadamente 90 Agentes Comunit\u00e1rios de Sa\u00fade. Cabe aos facilitadores planejar e realizar oficinas para grupos de 20 ACS por encontro. Dessa forma, no per\u00edodo de um m\u00eas, ocorrer\u00e3o cinco oficinas por semana, at\u00e9 que sejam contemplados todos os ACS. Na quinta semana ocorrer\u00e1 encontro dos grupos de facilitadores com equipe do DDAS e DPAAS para discuss\u00e3o e feedback sobre a estrat\u00e9gia desenvolvida.<\/p>\n<p>&nbsp;<\/p>\n<p>A Supervisora de Educa\u00e7\u00e3o Permanente e Integra\u00e7\u00e3o Ensino Servi\u00e7o em Sa\u00fade, Glenda Aquino, destaca que \u201cas oficinas sobre arboviroses realizadas no munic\u00edpio representam atividade de forma\u00e7\u00e3o em sa\u00fade por meio da constru\u00e7\u00e3o compartilhada do conhecimento. A integra\u00e7\u00e3o e a participa\u00e7\u00e3o ativa dos Servidores de diferentes categorias profissionais atuantes na Aten\u00e7\u00e3o B\u00e1sica foi essencial para o planejamento e execu\u00e7\u00e3o das oficinas. Atividades como essa constituem a\u00e7\u00e3o estrat\u00e9gica para o fortalecimento da preven\u00e7\u00e3o e da promo\u00e7\u00e3o da sa\u00fade na Aten\u00e7\u00e3o B\u00e1sica\u201d.<\/p>\n<p>&nbsp;<\/p>\n<p>Com a organiza\u00e7\u00e3o dos Departamentos de Programas e A\u00e7\u00f5es de Aten\u00e7\u00e3o \u00e0 Sa\u00fade (DPAAS) e de Desenvolvimento de Aten\u00e7\u00e3o \u00e0 Sa\u00fade (DDAS), mediante articula\u00e7\u00e3o com o Departamento de Vigil\u00e2ncia Epidemiol\u00f3gica e Ambiental (DVEA), foram constitu\u00eddos cinco Grupos de Facilitadores formados por servidoras e servidores da Secretaria de Sa\u00fade (SS), ACS, Agentes de Combate \u00e0s Endemias (ACE), Assistentes Social e Enfermeira, e Profissionais Residentes dos Programas de Resid\u00eancia M\u00e9dica em Medicina da fam\u00edlia e Comunidade da Secretaria de Sa\u00fade do Munic\u00edpio e do Hospital Universit\u00e1rio da Universidade Federal de Juiz de Fora (HU-UFJF), Resid\u00eancia Multiprofissional em Sa\u00fade da Fam\u00edlia e em Sa\u00fade do Adulto da UFJF.<\/p>\n<p>&nbsp;<\/p>\n<p><strong>Vigil\u00e2ncia em Sa\u00fade<\/strong><\/p>\n<p>&nbsp;<\/p>\n<p>A Vigil\u00e2ncia em Sa\u00fade \u00e9 o processo cont\u00ednuo e sistem\u00e1tico de coleta e an\u00e1lise de dados para informa\u00e7\u00e3o qualificada em sa\u00fade, a fim de subsidiar a\u00e7\u00f5es para preven\u00e7\u00e3o e controle de riscos, agravos e doen\u00e7as, bem como para a promo\u00e7\u00e3o da sa\u00fade da popula\u00e7\u00e3o.<\/p>\n<p>&nbsp;<\/p>\n<p>A a\u00e7\u00e3o de preven\u00e7\u00e3o de arbovirose ultrapassa os muros das unidades b\u00e1sicas de sa\u00fade, uma vez que sua reprodu\u00e7\u00e3o ocorre nos mais diversos ambientes e mais comumente dentro das casas da popula\u00e7\u00e3o. Dessa forma os Agentes Comunit\u00e1rios de Sa\u00fade s\u00e3o atores fundamentais no processo de educa\u00e7\u00e3o e vigil\u00e2ncia em sa\u00fade\u00a0 no que tange aos cuidados de preven\u00e7\u00e3o e controle\u00a0 das arboviroses no territ\u00f3rio.<\/p>\n","protected":false},"excerpt":{"rendered":"<p>Segundo informa\u00e7\u00f5es do site da Prefeitura de Juiz de Fora (PJF), com objetivo de Promover espa\u00e7o de reflex\u00e3o e di\u00e1logo sobre o papel do Agente Comunit\u00e1rio de Sa\u00fade (ACS) em a\u00e7\u00f5es inerentes \u00e0 vigil\u00e2ncia e preven\u00e7\u00e3o \u00e0s Arboviroses, a Prefeitura de Juiz de Fora (PJF) planejou Oficinas de Educa\u00e7\u00e3o Permanente em Sa\u00fade para o Enfrentamento [&hellip;]<\/p>\n","protected":false},"author":246,"featured_media":201209,"comment_status":"closed","ping_status":"closed","sticky":false,"template":"","format":"standard","meta":{"footnotes":""},"categories":[253,436,440,439],"tags":[],"class_list":["post-201208","post","type-post","status-publish","format-standard","has-post-thumbnail","hentry","category-cidade","category-destaque-da-semana","category-destaques-do-dia","category-ultima-hora"],"_links":{"self":[{"href":"https:\/\/diarioregionaldigital.com.br\/index.php?rest_route=\/wp\/v2\/posts\/201208","targetHints":{"allow":["GET"]}}],"collection":[{"href":"https:\/\/diarioregionaldigital.com.br\/index.php?rest_route=\/wp\/v2\/posts"}],"about":[{"href":"https:\/\/diarioregionaldigital.com.br\/index.php?rest_route=\/wp\/v2\/types\/post"}],"author":[{"embeddable":true,"href":"https:\/\/diarioregionaldigital.com.br\/index.php?rest_route=\/wp\/v2\/users\/246"}],"replies":[{"embeddable":true,"href":"https:\/\/diarioregionaldigital.com.br\/index.php?rest_route=%2Fwp%2Fv2%2Fcomments&post=201208"}],"version-history":[{"count":1,"href":"https:\/\/diarioregionaldigital.com.br\/index.php?rest_route=\/wp\/v2\/posts\/201208\/revisions"}],"predecessor-version":[{"id":201210,"href":"https:\/\/diarioregionaldigital.com.br\/index.php?rest_route=\/wp\/v2\/posts\/201208\/revisions\/201210"}],"wp:featuredmedia":[{"embeddable":true,"href":"https:\/\/diarioregionaldigital.com.br\/index.php?rest_route=\/wp\/v2\/media\/201209"}],"wp:attachment":[{"href":"https:\/\/diarioregionaldigital.com.br\/index.php?rest_route=%2Fwp%2Fv2%2Fmedia&parent=201208"}],"wp:term":[{"taxonomy":"category","embeddable":true,"href":"https:\/\/diarioregionaldigital.com.br\/index.php?rest_route=%2Fwp%2Fv2%2Fcategories&post=201208"},{"taxonomy":"post_tag","embeddable":true,"href":"https:\/\/diarioregionaldigital.com.br\/index.php?rest_route=%2Fwp%2Fv2%2Ftags&post=201208"}],"curies":[{"name":"wp","href":"https:\/\/api.w.org\/{rel}","templated":true}]}}