{"id":201205,"date":"2022-07-05T22:32:01","date_gmt":"2022-07-06T01:32:01","guid":{"rendered":"https:\/\/diarioregionaldigital.com.br\/?p=201205"},"modified":"2022-07-05T22:32:01","modified_gmt":"2022-07-06T01:32:01","slug":"corinthians-desafia-boca-por-vaga-as-quartas-de-final-da-libertadores","status":"publish","type":"post","link":"https:\/\/diarioregionaldigital.com.br\/?p=201205","title":{"rendered":"Corinthians desafia Boca por vaga \u00e0s quartas de final da Libertadores"},"content":{"rendered":"<p>Um dia ap\u00f3s celebrar os dez anos da primeira conquista da Libertadores, o Corinthians decide o futuro na edi\u00e7\u00e3o deste ano do torneio sul-americano diante do mesmo rival contra o qual festejou a ta\u00e7a em 2012. Nesta\u00a0ter\u00e7a-feira (5), \u00e0s 21h30 (hor\u00e1rio de Bras\u00edlia), o Tim\u00e3o\u00a0pega o Boca Juniors na Bombonera, em Buenos Aires (Argentina), no duelo de volta do confronto pelas oitavas de final.<img decoding=\"async\" src=\"https:\/\/agenciabrasil.ebc.com.br\/ebc.png?id=1469224&amp;o=node\" \/><img decoding=\"async\" src=\"https:\/\/agenciabrasil.ebc.com.br\/ebc.gif?id=1469224&amp;o=node\" \/><\/p>\n<p>As equipes empataram sem gols no jogo de ida, h\u00e1 uma semana, na Neo Qu\u00edmica Arena, em S\u00e3o Paulo. Em caso de nova igualdade, a decis\u00e3o ser\u00e1 nos p\u00eanaltis. Uma vit\u00f3ria simples basta para os times assegurarem a classifica\u00e7\u00e3o no tempo normal.<\/p>\n<p>\u00c9 a\u00a0quarta\u00a0vez que Corinthians e Boca estar\u00e3o frente a frente nesta Libertadores. Os times ca\u00edram no mesmo grupo da primeira fase, com vit\u00f3ria alvinegra em S\u00e3o Paulo (2 a 0) e um empate na Bombonera (1 a 1). A equipe argentina, por\u00e9m, avan\u00e7ou \u00e0s oitavas com campanha superior a do Tim\u00e3o. Por isso, faz a partida de volta do confronto das oitavas em casa.<\/p>\n<p>O t\u00e9cnico Vitor Pereira tem v\u00e1rios problemas para\u00a0escalar o time. S\u00e3o seis desfalques por les\u00e3o (o lateral Fagner, os volantes Maycon e Paulinho, o meia Renato Augusto e os atacantes Gustavo Mosquito e J\u00fanior Moraes), al\u00e9m do meia Adson, que testou positivo para covid-19. Na reta final do tratamento das respectivas contus\u00f5es, o volante Du Queiroz e o atacante Willian viajaram com o grupo e s\u00e3o d\u00favidas.<\/p>\n<p>Ap\u00f3s poupar a maior parte dos titulares na derrota por 4 a 0 para o Fluminense, no s\u00e1bado (2), no Maracan\u00e3, no Rio de Janeiro, pelo Campeonato Brasileiro, o treinador portugu\u00eas deve escalar o Tim\u00e3o com: C\u00e1ssio, Rafael Ramos, Jo\u00e3o Victor, Raul Gustavo e F\u00e1bio Santos; Roni (Du Queiroz), V\u00edctor Cantillo e Giuliano; Gustavo Mantuan, Lucas Piton (Willian) e R\u00f3ger Guedes.<\/p>\n<p>\u00c9 a terceira vez que os times se cruzam nas oitavas da Libertadores. Nas anteriores, em 1991 e 2013, o Boca levou a melhor. Para repetir a hist\u00f3ria, a equipe dirigida por Sebasti\u00e1n Battaglia\u00a0ter\u00e1 for\u00e7a m\u00e1xima \u00e0 disposi\u00e7\u00e3o. O t\u00e9cnico argentino poupou os titulares no fim de semana, na derrota por 3 a 0 para o Banfield, em casa, pelo campeonato local.<\/p>\n<p>Em rela\u00e7\u00e3o ao jogo de ida, a novidade deve ser a volta de Frank Fabra \u00e0 lateral esquerda, no lugar de Agust\u00edn Sandez, ap\u00f3s cumprir suspens\u00e3o. A prov\u00e1vel escala\u00e7\u00e3o do Boca\u00a0ter\u00e1: Agust\u00edn Rossi, Lu\u00eds Advincula, Marcos Rojo, Carlos Izquierdoz e Frank Fabra; Pol Fernandez, Alan Varela e \u00d3scar Romero; Exequiel Zeballos, Sebasti\u00e1n Villa e Dar\u00edo Benedetto.<\/p>\n<p>Quem avan\u00e7ar,\u00a0ter\u00e1 pela frente o classificado de Flamengo e Tolima (Col\u00f4mbia) nas quartas de final. O Rubro-Negro venceu a partida de ida, na\u00a0quarta-feira passada (29), por 1 a 0, no est\u00e1dio Manuel Murillo Toro, na cidade colombiana de Ibagu\u00e9. O duelo de volta ser\u00e1 nesta\u00a0quarta-feira (6), \u00e0s 21h30, no Maracan\u00e3. O time brasileiro tem a vantagem do empate.<\/p>\n<p><span style=\"font-weight: 400;\">Fonte: Ag\u00eancia Brasil<\/span><\/p>\n<p>&nbsp;<\/p>\n","protected":false},"excerpt":{"rendered":"<p>Um dia ap\u00f3s celebrar os dez anos da primeira conquista da Libertadores, o Corinthians decide o futuro na edi\u00e7\u00e3o deste ano do torneio sul-americano diante do mesmo rival contra o qual festejou a ta\u00e7a em 2012. Nesta\u00a0ter\u00e7a-feira (5), \u00e0s 21h30 (hor\u00e1rio de Bras\u00edlia), o Tim\u00e3o\u00a0pega o Boca Juniors na Bombonera, em Buenos Aires (Argentina), no [&hellip;]<\/p>\n","protected":false},"author":246,"featured_media":201206,"comment_status":"closed","ping_status":"closed","sticky":false,"template":"","format":"standard","meta":{"footnotes":""},"categories":[436,257,439],"tags":[],"class_list":["post-201205","post","type-post","status-publish","format-standard","has-post-thumbnail","hentry","category-destaque-da-semana","category-esporte","category-ultima-hora"],"_links":{"self":[{"href":"https:\/\/diarioregionaldigital.com.br\/index.php?rest_route=\/wp\/v2\/posts\/201205","targetHints":{"allow":["GET"]}}],"collection":[{"href":"https:\/\/diarioregionaldigital.com.br\/index.php?rest_route=\/wp\/v2\/posts"}],"about":[{"href":"https:\/\/diarioregionaldigital.com.br\/index.php?rest_route=\/wp\/v2\/types\/post"}],"author":[{"embeddable":true,"href":"https:\/\/diarioregionaldigital.com.br\/index.php?rest_route=\/wp\/v2\/users\/246"}],"replies":[{"embeddable":true,"href":"https:\/\/diarioregionaldigital.com.br\/index.php?rest_route=%2Fwp%2Fv2%2Fcomments&post=201205"}],"version-history":[{"count":1,"href":"https:\/\/diarioregionaldigital.com.br\/index.php?rest_route=\/wp\/v2\/posts\/201205\/revisions"}],"predecessor-version":[{"id":201207,"href":"https:\/\/diarioregionaldigital.com.br\/index.php?rest_route=\/wp\/v2\/posts\/201205\/revisions\/201207"}],"wp:featuredmedia":[{"embeddable":true,"href":"https:\/\/diarioregionaldigital.com.br\/index.php?rest_route=\/wp\/v2\/media\/201206"}],"wp:attachment":[{"href":"https:\/\/diarioregionaldigital.com.br\/index.php?rest_route=%2Fwp%2Fv2%2Fmedia&parent=201205"}],"wp:term":[{"taxonomy":"category","embeddable":true,"href":"https:\/\/diarioregionaldigital.com.br\/index.php?rest_route=%2Fwp%2Fv2%2Fcategories&post=201205"},{"taxonomy":"post_tag","embeddable":true,"href":"https:\/\/diarioregionaldigital.com.br\/index.php?rest_route=%2Fwp%2Fv2%2Ftags&post=201205"}],"curies":[{"name":"wp","href":"https:\/\/api.w.org\/{rel}","templated":true}]}}