{"id":201201,"date":"2022-07-05T22:28:08","date_gmt":"2022-07-06T01:28:08","guid":{"rendered":"https:\/\/diarioregionaldigital.com.br\/?p=201201"},"modified":"2022-07-05T22:28:08","modified_gmt":"2022-07-06T01:28:08","slug":"hulk-decide-e-atletico-mg-esta-nas-quartas-da-libertadores","status":"publish","type":"post","link":"https:\/\/diarioregionaldigital.com.br\/?p=201201","title":{"rendered":"Hulk decide e Atl\u00e9tico-MG est\u00e1 nas quartas da Libertadores"},"content":{"rendered":"<p>O Atl\u00e9tico-MG se classificou para as quartas de final da Copa Libertadores ao derrotar o Emelec (Equador) por 1 a 0, na noite desta ter\u00e7a-feira (5) no est\u00e1dio do Mineir\u00e3o, em partida na qual o atacante Hulk foi decisivo.<img decoding=\"async\" src=\"https:\/\/agenciabrasil.ebc.com.br\/ebc.png?id=1469385&amp;o=node\" \/><img decoding=\"async\" src=\"https:\/\/agenciabrasil.ebc.com.br\/ebc.gif?id=1469385&amp;o=node\" \/><\/p>\n<p>O Galo avan\u00e7ou na competi\u00e7\u00e3o porque na ida das oitavas, na \u00faltima semana no Equador, ficou no 1 a 1 com o Emelec. Na pr\u00f3xima fase o time mineiro enfrenta quem passar entre Palmeiras e Cerro Porte\u00f1o (Paraguai). O Verd\u00e3o venceu a partida de ida por 3 a 0<\/p>\n<p>Apoiada por mais de 56 mil torcedores, a equipe dirigida pelo t\u00e9cnico Antonio Mohamed come\u00e7ou comandando as a\u00e7\u00f5es na etapa inicial, mas n\u00e3o conseguiu oportunidades claras de marcar diante dos equatorianos, que se fecharam na defesa.<\/p>\n<p>O segundo tempo teve um roteiro parecido, um Emelec fechado que deu poucos espa\u00e7os para o Galo criar oportunidades. Assim, a partida acabou decidida em uma jogada de bola parada. Aos 32 minutos o juiz marcou p\u00eanalti quando Vargas cruzou e a bola acabou desviando no bra\u00e7o de Guevara dentro da \u00e1rea.<\/p>\n<p>Um minuto depois Hulk foi para a cobran\u00e7a e n\u00e3o falhou (vale lembrar que na \u00faltima semana o camisa 7 desperdi\u00e7ou uma penalidade m\u00e1xima diante dos equatorianos). Com este tento o atacante passou a dividir com J\u00f4 o posto de maior artilheiro do Atl\u00e9tico-MG na hist\u00f3ria da Libertadores, com 11 gols.<\/p>\n<p><span style=\"font-weight: 400;\">Fonte: Ag\u00eancia Brasil<\/span><\/p>\n","protected":false},"excerpt":{"rendered":"<p>O Atl\u00e9tico-MG se classificou para as quartas de final da Copa Libertadores ao derrotar o Emelec (Equador) por 1 a 0, na noite desta ter\u00e7a-feira (5) no est\u00e1dio do Mineir\u00e3o, em partida na qual o atacante Hulk foi decisivo. O Galo avan\u00e7ou na competi\u00e7\u00e3o porque na ida das oitavas, na \u00faltima semana no Equador, ficou [&hellip;]<\/p>\n","protected":false},"author":246,"featured_media":201203,"comment_status":"closed","ping_status":"closed","sticky":false,"template":"","format":"standard","meta":{"footnotes":""},"categories":[436,257,439],"tags":[],"class_list":["post-201201","post","type-post","status-publish","format-standard","has-post-thumbnail","hentry","category-destaque-da-semana","category-esporte","category-ultima-hora"],"_links":{"self":[{"href":"https:\/\/diarioregionaldigital.com.br\/index.php?rest_route=\/wp\/v2\/posts\/201201","targetHints":{"allow":["GET"]}}],"collection":[{"href":"https:\/\/diarioregionaldigital.com.br\/index.php?rest_route=\/wp\/v2\/posts"}],"about":[{"href":"https:\/\/diarioregionaldigital.com.br\/index.php?rest_route=\/wp\/v2\/types\/post"}],"author":[{"embeddable":true,"href":"https:\/\/diarioregionaldigital.com.br\/index.php?rest_route=\/wp\/v2\/users\/246"}],"replies":[{"embeddable":true,"href":"https:\/\/diarioregionaldigital.com.br\/index.php?rest_route=%2Fwp%2Fv2%2Fcomments&post=201201"}],"version-history":[{"count":1,"href":"https:\/\/diarioregionaldigital.com.br\/index.php?rest_route=\/wp\/v2\/posts\/201201\/revisions"}],"predecessor-version":[{"id":201204,"href":"https:\/\/diarioregionaldigital.com.br\/index.php?rest_route=\/wp\/v2\/posts\/201201\/revisions\/201204"}],"wp:featuredmedia":[{"embeddable":true,"href":"https:\/\/diarioregionaldigital.com.br\/index.php?rest_route=\/wp\/v2\/media\/201203"}],"wp:attachment":[{"href":"https:\/\/diarioregionaldigital.com.br\/index.php?rest_route=%2Fwp%2Fv2%2Fmedia&parent=201201"}],"wp:term":[{"taxonomy":"category","embeddable":true,"href":"https:\/\/diarioregionaldigital.com.br\/index.php?rest_route=%2Fwp%2Fv2%2Fcategories&post=201201"},{"taxonomy":"post_tag","embeddable":true,"href":"https:\/\/diarioregionaldigital.com.br\/index.php?rest_route=%2Fwp%2Fv2%2Ftags&post=201201"}],"curies":[{"name":"wp","href":"https:\/\/api.w.org\/{rel}","templated":true}]}}