{"id":201198,"date":"2022-07-05T22:21:35","date_gmt":"2022-07-06T01:21:35","guid":{"rendered":"https:\/\/diarioregionaldigital.com.br\/?p=201198"},"modified":"2022-07-05T22:21:35","modified_gmt":"2022-07-06T01:21:35","slug":"campeonato-brasileiro-de-boxe-elite-reune-medalhistas-olimpicos-no-rj","status":"publish","type":"post","link":"https:\/\/diarioregionaldigital.com.br\/?p=201198","title":{"rendered":"Campeonato Brasileiro de Boxe Elite re\u00fane medalhistas ol\u00edmpicos no RJ"},"content":{"rendered":"<p>Constru\u00eddo para as provas de ciclismo da Olimp\u00edada Rio 2016, o Vel\u00f3dromo da cidade maravilhosa abriu as portas para outra modalidade nesta segunda-feira (4): o Campeonato Brasileiro de Boxe Elite. As disputas masculina e feminina reunir\u00e3o 173 atletas de todo o pa\u00eds, entre eles, expoentes como Beatriz Ferreira (prata nos Jogos de T\u00f3quio e atual vice-campe\u00e3 mundial nos 60 quilos), Keno Marley (vice-campe\u00e3o mundial nos 86kg), e Abner Teixeira, bronze em T\u00f3quio, nos 90 kg. A competi\u00e7\u00e3o vai at\u00e9 domingo (10).\u00a0<img decoding=\"async\" src=\"https:\/\/agenciabrasil.ebc.com.br\/ebc.png?id=1469185&amp;o=node\" \/><img decoding=\"async\" src=\"https:\/\/agenciabrasil.ebc.com.br\/ebc.gif?id=1469185&amp;o=node\" \/><\/p>\n<p>As lutas come\u00e7am\u00a0a partir das 14h30 (hor\u00e1rio de Brasil), em ringues no v\u00e3o interno do Vel\u00f3dromo, no Parque Ol\u00edmpico, na zona oeste do Rio. A entrada \u00e9 gratuita, mediante\u00a0<a href=\"https:\/\/boxerio.bcseventos.inf.br\/visitantes\/?id_edicao=2\">inscri\u00e7\u00e3o online<\/a>. As\u00a0lutas tamb\u00e9m s\u00e3o transmitidas ao vivo no\u00a0<a href=\"https:\/\/www.youtube.com\/channel\/UCNc4BQpXcI1c13zmcdckKQA\">YouTube<\/a>\u00a0da\u00a0<a href=\"http:\/\/cbboxe.org.br\/noticias\/\">Confedera\u00e7\u00e3o Brasileira de Boxe (CBBoxe).<\/a>\u00a0A\u00a0programa\u00e7\u00e3o e resultados\u00a0s\u00e3o\u00a0publicados\u00a0diariamente, depois das 22h30, no site da entidade.<\/p>\n<h2>Rio sedia 1\u00ba Grand Prix Internacional de Boxe<\/h2>\n<p>Na semana que vem, a partir do dia 14, o Vel\u00f3dromo do Parque Ol\u00edmpico receber\u00e1 o\u00a01\u00ba Grand Prix Internacional, com 52 atletas\u00a0de pa\u00edses como\u00a0\u00a0M\u00e9xico, Argentina, Col\u00f4mbia, Panam\u00e1, Paraguai e Equador, entre outros. Ser\u00e3o 13 categorias de peso, entre masculino e feminino.<\/p>\n<p>Ap\u00f3s os dois grandes eventos, Marcos C\u00e2ndido de Brito, presidente da CBBoxe, enxerga\u00a0a possibilidade de o Parque Ol\u00edmpico receber em 2023 um evento do calend\u00e1rio classificat\u00f3rio\u00a0para os Jogos de Paris 2024.<\/p>\n<p>\u201cQueremos criar um c\u00edrculo virtuoso. Essa presen\u00e7a de eventos de refer\u00eancia incentiva a garotada, os t\u00e9cnicos e os projetos a se desenvolverem. Com isso, mais atletas ganham condi\u00e7\u00f5es de ter n\u00edvel de sele\u00e7\u00e3o e de competir internacionalmente e o Brasil s\u00f3 tem a ganhar&#8221;, afirmou o dirigente\u00a0em depoimento ao Minist\u00e9rio da Cidadania.<\/p>\n<p><span style=\"font-weight: 400;\">Fonte: Ag\u00eancia Brasil<\/span><\/p>\n","protected":false},"excerpt":{"rendered":"<p>Constru\u00eddo para as provas de ciclismo da Olimp\u00edada Rio 2016, o Vel\u00f3dromo da cidade maravilhosa abriu as portas para outra modalidade nesta segunda-feira (4): o Campeonato Brasileiro de Boxe Elite. As disputas masculina e feminina reunir\u00e3o 173 atletas de todo o pa\u00eds, entre eles, expoentes como Beatriz Ferreira (prata nos Jogos de T\u00f3quio e atual [&hellip;]<\/p>\n","protected":false},"author":246,"featured_media":201199,"comment_status":"closed","ping_status":"closed","sticky":false,"template":"","format":"standard","meta":{"footnotes":""},"categories":[436,257,439],"tags":[],"class_list":["post-201198","post","type-post","status-publish","format-standard","has-post-thumbnail","hentry","category-destaque-da-semana","category-esporte","category-ultima-hora"],"_links":{"self":[{"href":"https:\/\/diarioregionaldigital.com.br\/index.php?rest_route=\/wp\/v2\/posts\/201198","targetHints":{"allow":["GET"]}}],"collection":[{"href":"https:\/\/diarioregionaldigital.com.br\/index.php?rest_route=\/wp\/v2\/posts"}],"about":[{"href":"https:\/\/diarioregionaldigital.com.br\/index.php?rest_route=\/wp\/v2\/types\/post"}],"author":[{"embeddable":true,"href":"https:\/\/diarioregionaldigital.com.br\/index.php?rest_route=\/wp\/v2\/users\/246"}],"replies":[{"embeddable":true,"href":"https:\/\/diarioregionaldigital.com.br\/index.php?rest_route=%2Fwp%2Fv2%2Fcomments&post=201198"}],"version-history":[{"count":1,"href":"https:\/\/diarioregionaldigital.com.br\/index.php?rest_route=\/wp\/v2\/posts\/201198\/revisions"}],"predecessor-version":[{"id":201200,"href":"https:\/\/diarioregionaldigital.com.br\/index.php?rest_route=\/wp\/v2\/posts\/201198\/revisions\/201200"}],"wp:featuredmedia":[{"embeddable":true,"href":"https:\/\/diarioregionaldigital.com.br\/index.php?rest_route=\/wp\/v2\/media\/201199"}],"wp:attachment":[{"href":"https:\/\/diarioregionaldigital.com.br\/index.php?rest_route=%2Fwp%2Fv2%2Fmedia&parent=201198"}],"wp:term":[{"taxonomy":"category","embeddable":true,"href":"https:\/\/diarioregionaldigital.com.br\/index.php?rest_route=%2Fwp%2Fv2%2Fcategories&post=201198"},{"taxonomy":"post_tag","embeddable":true,"href":"https:\/\/diarioregionaldigital.com.br\/index.php?rest_route=%2Fwp%2Fv2%2Ftags&post=201198"}],"curies":[{"name":"wp","href":"https:\/\/api.w.org\/{rel}","templated":true}]}}