{"id":201194,"date":"2022-07-05T22:19:36","date_gmt":"2022-07-06T01:19:36","guid":{"rendered":"https:\/\/diarioregionaldigital.com.br\/?p=201194"},"modified":"2022-07-05T22:19:36","modified_gmt":"2022-07-06T01:19:36","slug":"selecao-feminina-desembarca-na-colombia-para-disputar-copa-america","status":"publish","type":"post","link":"https:\/\/diarioregionaldigital.com.br\/?p=201194","title":{"rendered":"Sele\u00e7\u00e3o feminina desembarca na Col\u00f4mbia para disputar Copa Am\u00e9rica"},"content":{"rendered":"<p>A sele\u00e7\u00e3o brasileira desembarcou nesta ter\u00e7a-feira na Col\u00f4mbia para participar da Copa Am\u00e9rica de futebol feminino, que ser\u00e1 disputada entre os dias 8 e 30 de julho.<img decoding=\"async\" src=\"https:\/\/agenciabrasil.ebc.com.br\/ebc.png?id=1469377&amp;o=node\" \/><img decoding=\"async\" src=\"https:\/\/agenciabrasil.ebc.com.br\/ebc.gif?id=1469377&amp;o=node\" \/><\/p>\n<p>O Brasil, que est\u00e1 no Grupo B da competi\u00e7\u00e3o ao lado de Argentina, Peru, Uruguai e Venezuela, estreia a partir das 21h (hor\u00e1rio de Bras\u00edlia) do pr\u00f3ximo s\u00e1bado (9) contra a sele\u00e7\u00e3o Albiceleste no est\u00e1dio Centen\u00e1rio, na localidade de Arm\u00eania.<\/p>\n<p>A expectativa \u00e9 de que a t\u00e9cnica Pia Sundhage dirija o primeiro treinamento em solo colombiano na pr\u00f3xima quarta-feira (6) no est\u00e1dio Montenegro.<\/p>\n<p><span style=\"font-weight: 400;\">Fonte: Ag\u00eancia Brasil<\/span><\/p>\n","protected":false},"excerpt":{"rendered":"<p>A sele\u00e7\u00e3o brasileira desembarcou nesta ter\u00e7a-feira na Col\u00f4mbia para participar da Copa Am\u00e9rica de futebol feminino, que ser\u00e1 disputada entre os dias 8 e 30 de julho. O Brasil, que est\u00e1 no Grupo B da competi\u00e7\u00e3o ao lado de Argentina, Peru, Uruguai e Venezuela, estreia a partir das 21h (hor\u00e1rio de Bras\u00edlia) do pr\u00f3ximo s\u00e1bado [&hellip;]<\/p>\n","protected":false},"author":246,"featured_media":201195,"comment_status":"closed","ping_status":"closed","sticky":false,"template":"","format":"standard","meta":{"footnotes":""},"categories":[436,440,257,439],"tags":[],"class_list":["post-201194","post","type-post","status-publish","format-standard","has-post-thumbnail","hentry","category-destaque-da-semana","category-destaques-do-dia","category-esporte","category-ultima-hora"],"_links":{"self":[{"href":"https:\/\/diarioregionaldigital.com.br\/index.php?rest_route=\/wp\/v2\/posts\/201194","targetHints":{"allow":["GET"]}}],"collection":[{"href":"https:\/\/diarioregionaldigital.com.br\/index.php?rest_route=\/wp\/v2\/posts"}],"about":[{"href":"https:\/\/diarioregionaldigital.com.br\/index.php?rest_route=\/wp\/v2\/types\/post"}],"author":[{"embeddable":true,"href":"https:\/\/diarioregionaldigital.com.br\/index.php?rest_route=\/wp\/v2\/users\/246"}],"replies":[{"embeddable":true,"href":"https:\/\/diarioregionaldigital.com.br\/index.php?rest_route=%2Fwp%2Fv2%2Fcomments&post=201194"}],"version-history":[{"count":2,"href":"https:\/\/diarioregionaldigital.com.br\/index.php?rest_route=\/wp\/v2\/posts\/201194\/revisions"}],"predecessor-version":[{"id":201197,"href":"https:\/\/diarioregionaldigital.com.br\/index.php?rest_route=\/wp\/v2\/posts\/201194\/revisions\/201197"}],"wp:featuredmedia":[{"embeddable":true,"href":"https:\/\/diarioregionaldigital.com.br\/index.php?rest_route=\/wp\/v2\/media\/201195"}],"wp:attachment":[{"href":"https:\/\/diarioregionaldigital.com.br\/index.php?rest_route=%2Fwp%2Fv2%2Fmedia&parent=201194"}],"wp:term":[{"taxonomy":"category","embeddable":true,"href":"https:\/\/diarioregionaldigital.com.br\/index.php?rest_route=%2Fwp%2Fv2%2Fcategories&post=201194"},{"taxonomy":"post_tag","embeddable":true,"href":"https:\/\/diarioregionaldigital.com.br\/index.php?rest_route=%2Fwp%2Fv2%2Ftags&post=201194"}],"curies":[{"name":"wp","href":"https:\/\/api.w.org\/{rel}","templated":true}]}}