{"id":201186,"date":"2022-07-05T21:46:00","date_gmt":"2022-07-06T00:46:00","guid":{"rendered":"https:\/\/diarioregionaldigital.com.br\/?p=201186"},"modified":"2022-07-05T21:46:00","modified_gmt":"2022-07-06T00:46:00","slug":"agu-vai-acompanhar-de-perto-cumprimento-da-legislacao-eleitoral","status":"publish","type":"post","link":"https:\/\/diarioregionaldigital.com.br\/?p=201186","title":{"rendered":"AGU vai acompanhar de perto cumprimento da legisla\u00e7\u00e3o eleitoral"},"content":{"rendered":"<p>Decreto publicado pela Advocacia-Geral da Uni\u00e3o (AGU) determina que a institui\u00e7\u00e3o vai monitorar o cumprimento da legisla\u00e7\u00e3o eleitoral at\u00e9 o pleito de outubro. \u201cO decreto s\u00f3 veio deixar mais clara essa atribui\u00e7\u00e3o espec\u00edfica da Advocacia Geral da Uni\u00e3o, dizendo o seguinte: todo e qualquer ato, no per\u00edodo eleitoral, que eventualmente possa confrontar com a legisla\u00e7\u00e3o eleitoral, deve passar pela assessoria da advocacia-geral da Uni\u00e3o\u201d, explicou o advogado-geral da Uni\u00e3o, Bruno Bianco, ao programa\u00a0<em>A Voz do Brasil<\/em>\u00a0desta segunda-feira (4).<img decoding=\"async\" src=\"https:\/\/agenciabrasil.ebc.com.br\/ebc.png?id=1469188&amp;o=node\" \/><img decoding=\"async\" src=\"https:\/\/agenciabrasil.ebc.com.br\/ebc.gif?id=1469188&amp;o=node\" \/><\/p>\n<p>Segundo Bianco, por meio do\u00a0<a href=\"https:\/\/www.in.gov.br\/web\/dou\/-\/decreto-n-11.104-de-24-de-junho-de-2022-410357514\" target=\"_blank\" rel=\"noopener\">decreto<\/a>, sempre que houver um ato, uma pol\u00edtica p\u00fablica, ou qualquer fator que eventualmente possa confrontar com a legisla\u00e7\u00e3o eleitoral a AGU, dentro do \u00e2mbito do executivo, far\u00e1 essa an\u00e1lise. \u201cO presidente da Rep\u00fablica vai ter a certeza de que todos os atos, durante esse per\u00edodo, e que todas as pol\u00edticas p\u00fablicas, durante esse per\u00edodo, passar\u00e3o por um crivo jur\u00eddico e ele vai ter a certeza de que todos esses atos estar\u00e3o de acordo com a legisla\u00e7\u00e3o eleitoral.<\/p>\n<p>Bianco tamb\u00e9m falou sobre a judicializa\u00e7\u00e3o causada pela redu\u00e7\u00e3o do ICMS sobre os combust\u00edveis nos estados, dos quais a AGU participou. \u201cTivemos decis\u00f5es favor\u00e1veis ao cumprimento da lei e os estados, de fato, come\u00e7ando a cumprir e n\u00f3s j\u00e1 estamos vendo a redu\u00e7\u00e3o do valor do combust\u00edvel\u201d.<\/p>\n<p><span style=\"font-weight: 400;\">Fonte: Ag\u00eancia Brasil<\/span><\/p>\n","protected":false},"excerpt":{"rendered":"<p>Decreto publicado pela Advocacia-Geral da Uni\u00e3o (AGU) determina que a institui\u00e7\u00e3o vai monitorar o cumprimento da legisla\u00e7\u00e3o eleitoral at\u00e9 o pleito de outubro. \u201cO decreto s\u00f3 veio deixar mais clara essa atribui\u00e7\u00e3o espec\u00edfica da Advocacia Geral da Uni\u00e3o, dizendo o seguinte: todo e qualquer ato, no per\u00edodo eleitoral, que eventualmente possa confrontar com a legisla\u00e7\u00e3o [&hellip;]<\/p>\n","protected":false},"author":246,"featured_media":201187,"comment_status":"closed","ping_status":"closed","sticky":false,"template":"","format":"standard","meta":{"footnotes":""},"categories":[436,254,439],"tags":[],"class_list":["post-201186","post","type-post","status-publish","format-standard","has-post-thumbnail","hentry","category-destaque-da-semana","category-politica","category-ultima-hora"],"_links":{"self":[{"href":"https:\/\/diarioregionaldigital.com.br\/index.php?rest_route=\/wp\/v2\/posts\/201186","targetHints":{"allow":["GET"]}}],"collection":[{"href":"https:\/\/diarioregionaldigital.com.br\/index.php?rest_route=\/wp\/v2\/posts"}],"about":[{"href":"https:\/\/diarioregionaldigital.com.br\/index.php?rest_route=\/wp\/v2\/types\/post"}],"author":[{"embeddable":true,"href":"https:\/\/diarioregionaldigital.com.br\/index.php?rest_route=\/wp\/v2\/users\/246"}],"replies":[{"embeddable":true,"href":"https:\/\/diarioregionaldigital.com.br\/index.php?rest_route=%2Fwp%2Fv2%2Fcomments&post=201186"}],"version-history":[{"count":2,"href":"https:\/\/diarioregionaldigital.com.br\/index.php?rest_route=\/wp\/v2\/posts\/201186\/revisions"}],"predecessor-version":[{"id":201190,"href":"https:\/\/diarioregionaldigital.com.br\/index.php?rest_route=\/wp\/v2\/posts\/201186\/revisions\/201190"}],"wp:featuredmedia":[{"embeddable":true,"href":"https:\/\/diarioregionaldigital.com.br\/index.php?rest_route=\/wp\/v2\/media\/201187"}],"wp:attachment":[{"href":"https:\/\/diarioregionaldigital.com.br\/index.php?rest_route=%2Fwp%2Fv2%2Fmedia&parent=201186"}],"wp:term":[{"taxonomy":"category","embeddable":true,"href":"https:\/\/diarioregionaldigital.com.br\/index.php?rest_route=%2Fwp%2Fv2%2Fcategories&post=201186"},{"taxonomy":"post_tag","embeddable":true,"href":"https:\/\/diarioregionaldigital.com.br\/index.php?rest_route=%2Fwp%2Fv2%2Ftags&post=201186"}],"curies":[{"name":"wp","href":"https:\/\/api.w.org\/{rel}","templated":true}]}}