{"id":201182,"date":"2022-07-05T21:44:18","date_gmt":"2022-07-06T00:44:18","guid":{"rendered":"https:\/\/diarioregionaldigital.com.br\/?p=201182"},"modified":"2022-07-05T21:44:18","modified_gmt":"2022-07-06T00:44:18","slug":"publicada-lei-que-amplia-prazo-de-compensacao-por-eventos-cancelados","status":"publish","type":"post","link":"https:\/\/diarioregionaldigital.com.br\/?p=201182","title":{"rendered":"Publicada lei que amplia prazo de compensa\u00e7\u00e3o por eventos cancelados"},"content":{"rendered":"<p>At\u00e9 o fim de 2023, o consumidor de servi\u00e7os e eventos culturais e de turismo adiados ou cancelados por causa da pandemia de covid-19 poder\u00e1 receber cr\u00e9dito para compras futuras ou remarcar a data. A\u00a0<a href=\"https:\/\/in.gov.br\/en\/web\/dou\/-\/lei-n-14.390-de-4-de-julho-de-2022-412981121\" target=\"_blank\" rel=\"noopener\">amplia\u00e7\u00e3o do prazo consta da Lei 14.390\/2022<\/a>, publicada hoje (5) no\u00a0<em>Di\u00e1rio Oficial da Uni\u00e3o<\/em>.<\/p>\n<p>Aprovada no in\u00edcio de junho pelo Senado e origin\u00e1ria da Medida Provis\u00f3ria 1.101\/2022, a lei estabelece que o consumidor que pedir o cr\u00e9dito de servi\u00e7o ou evento adiado ou cancelado at\u00e9 31 de dezembro de 2022 poder\u00e1 us\u00e1-lo at\u00e9 31 de dezembro de 2023. Caso opte pela remarca\u00e7\u00e3o da data, a data limite ser\u00e1 a mesma. As regras tamb\u00e9m valem para novos eventos que vierem a ser cancelados no novo per\u00edodo, ainda que mais de uma vez.<\/p>\n<p>O reembolso, estabeleceu a lei, s\u00f3 deve ser pago ao consumidor caso a empresa n\u00e3o consiga assegurar a remarca\u00e7\u00e3o dos servi\u00e7os, eventos ou reservas adiados ou cancelados. A obriga\u00e7\u00e3o tamb\u00e9m vale para quem n\u00e3o conseguir remarcar O mesmo ocorrer\u00e1 quando a empresa n\u00e3o conseguir oferecer cr\u00e9dito para a compra de outros servi\u00e7os do mesmo prestador.<\/p>\n<p>A devolu\u00e7\u00e3o do dinheiro, no entanto, ter\u00e1 prazos distintos. Os reembolsos para os cancelamentos ocorridos em 2021 precisar\u00e3o ser feitos at\u00e9 31 de dezembro deste ano. Os cancelamentos de 2022 precisar\u00e3o ser ressarcidos at\u00e9 31 de dezembro de 2023.<\/p>\n<p>O presidente Jair Bolsonaro vetou par\u00e1grafo que estendia o per\u00edodo de aplica\u00e7\u00e3o das regras especiais de compensa\u00e7\u00e3o a futuras emerg\u00eancias de sa\u00fade p\u00fablica. Na mensagem de veto, o Pal\u00e1cio do Planalto alegou que o texto aprovado pelo Congresso contraria o interesse p\u00fablico, uma vez que as medidas emergenciais adotadas durante a pandemia de Covid-19 foram espec\u00edficas para o enfrentamento daquela enfermidade.<img decoding=\"async\" src=\"https:\/\/agenciabrasil.ebc.com.br\/ebc.png?id=1469321&amp;o=node\" \/><img decoding=\"async\" src=\"https:\/\/agenciabrasil.ebc.com.br\/ebc.gif?id=1469321&amp;o=node\" \/><\/p>\n<p><span style=\"font-weight: 400;\">Fonte: Ag\u00eancia Brasil<\/span><\/p>\n","protected":false},"excerpt":{"rendered":"<p>At\u00e9 o fim de 2023, o consumidor de servi\u00e7os e eventos culturais e de turismo adiados ou cancelados por causa da pandemia de covid-19 poder\u00e1 receber cr\u00e9dito para compras futuras ou remarcar a data. A\u00a0amplia\u00e7\u00e3o do prazo consta da Lei 14.390\/2022, publicada hoje (5) no\u00a0Di\u00e1rio Oficial da Uni\u00e3o. Aprovada no in\u00edcio de junho pelo Senado [&hellip;]<\/p>\n","protected":false},"author":246,"featured_media":201183,"comment_status":"closed","ping_status":"closed","sticky":false,"template":"","format":"standard","meta":{"footnotes":""},"categories":[436,254,439],"tags":[],"class_list":["post-201182","post","type-post","status-publish","format-standard","has-post-thumbnail","hentry","category-destaque-da-semana","category-politica","category-ultima-hora"],"_links":{"self":[{"href":"https:\/\/diarioregionaldigital.com.br\/index.php?rest_route=\/wp\/v2\/posts\/201182","targetHints":{"allow":["GET"]}}],"collection":[{"href":"https:\/\/diarioregionaldigital.com.br\/index.php?rest_route=\/wp\/v2\/posts"}],"about":[{"href":"https:\/\/diarioregionaldigital.com.br\/index.php?rest_route=\/wp\/v2\/types\/post"}],"author":[{"embeddable":true,"href":"https:\/\/diarioregionaldigital.com.br\/index.php?rest_route=\/wp\/v2\/users\/246"}],"replies":[{"embeddable":true,"href":"https:\/\/diarioregionaldigital.com.br\/index.php?rest_route=%2Fwp%2Fv2%2Fcomments&post=201182"}],"version-history":[{"count":2,"href":"https:\/\/diarioregionaldigital.com.br\/index.php?rest_route=\/wp\/v2\/posts\/201182\/revisions"}],"predecessor-version":[{"id":201185,"href":"https:\/\/diarioregionaldigital.com.br\/index.php?rest_route=\/wp\/v2\/posts\/201182\/revisions\/201185"}],"wp:featuredmedia":[{"embeddable":true,"href":"https:\/\/diarioregionaldigital.com.br\/index.php?rest_route=\/wp\/v2\/media\/201183"}],"wp:attachment":[{"href":"https:\/\/diarioregionaldigital.com.br\/index.php?rest_route=%2Fwp%2Fv2%2Fmedia&parent=201182"}],"wp:term":[{"taxonomy":"category","embeddable":true,"href":"https:\/\/diarioregionaldigital.com.br\/index.php?rest_route=%2Fwp%2Fv2%2Fcategories&post=201182"},{"taxonomy":"post_tag","embeddable":true,"href":"https:\/\/diarioregionaldigital.com.br\/index.php?rest_route=%2Fwp%2Fv2%2Ftags&post=201182"}],"curies":[{"name":"wp","href":"https:\/\/api.w.org\/{rel}","templated":true}]}}