{"id":201179,"date":"2022-07-05T21:41:52","date_gmt":"2022-07-06T00:41:52","guid":{"rendered":"https:\/\/diarioregionaldigital.com.br\/?p=201179"},"modified":"2022-07-05T21:41:52","modified_gmt":"2022-07-06T00:41:52","slug":"presidente-do-senado-instalacao-de-cpis-deve-acontecer-apos-eleicoes","status":"publish","type":"post","link":"https:\/\/diarioregionaldigital.com.br\/?p=201179","title":{"rendered":"Presidente do Senado: instala\u00e7\u00e3o de CPIs deve acontecer ap\u00f3s elei\u00e7\u00f5es"},"content":{"rendered":"<p>O presidente do Senado, Rodrigo Pacheco (PSD-MG), afirmou nesta\u00a0<span id=\"OBJ_PREFIX_DWT525_com_zimbra_date\" role=\"link\">ter<\/span>\u00e7a-feira (5) que far\u00e1 a leitura em plen\u00e1rio do pedido de instala\u00e7\u00e3o de novas comiss\u00f5es parlamentares de inqu\u00e9rito (CPIs). Por meio das redes sociais, ele disse que \u201creconhece a import\u00e2ncia das CPIs para investigar il\u00edcitos no MEC [Minist\u00e9rio da Educa\u00e7\u00e3o], desmatamento ilegal na Amaz\u00f4nia, crime organizado e narcotr\u00e1fico\u201d.<img decoding=\"async\" src=\"https:\/\/agenciabrasil.ebc.com.br\/ebc.png?id=1469252&amp;o=node\" \/><img decoding=\"async\" src=\"https:\/\/agenciabrasil.ebc.com.br\/ebc.gif?id=1469252&amp;o=node\" \/><\/p>\n<p>O in\u00edcio dos trabalhos\u00a0est\u00e1 previsto para ocorrer a partir<span id=\"OBJ_PREFIX_DWT526_com_zimbra_date\" role=\"link\">\u00a0de novembro<\/span>, quando termina o per\u00edodo eleitoral. Segundo Pacheco, os procedimentos regimentais ainda ser\u00e3o definidos.\u00a0\u201cA\u00a0ampla maioria dos l\u00edderes entende que a instala\u00e7\u00e3o de todas elas deve acontecer ap\u00f3s o per\u00edodo eleitoral, permitindo-se a participa\u00e7\u00e3o de todos os senadores e evitando-se a contamina\u00e7\u00e3o das investiga\u00e7\u00f5es pelo processo eleitoral\u201d.<\/p>\n<p>Na semana passada, Pacheco afirmou n\u00e3o haver problema no\u00a0<a href=\"http:\/\/%20https\/\/agenciabrasil.ebc.com.br\/politica\/noticia\/2022-06\/presidente-do-senado-e-lideres-decidirao-sobre-cpis-na-proxima-semana\" target=\"_blank\" rel=\"noopener\">funcionamento simult\u00e2neo<\/a>\u00a0de v\u00e1rias CPIs, embora ele acredite que o per\u00edodo eleitoral possa dificultar a operacionalidade das comiss\u00f5es.<\/p>\n<h2>Minist\u00e9rio da Educa\u00e7\u00e3o<\/h2>\n<p>Com 31 assinaturas, quatro a mais que o m\u00ednimo de 27 necess\u00e1rias, senadores da oposi\u00e7\u00e3o\u00a0<a href=\"https:\/\/agenciabrasil.ebc.com.br\/politica\/noticia\/2022-06\/pedido-para-criacao-da-CPI-do-MEC-e-protocolado-no-senado\" target=\"_blank\" rel=\"noopener\">protocolaram<\/a>\u00a0o requerimento de cria\u00e7\u00e3o de uma CPI para investigar no Senado um suposto esquema de tr\u00e1fico de influ\u00eancia no Minist\u00e9rio da Educa\u00e7\u00e3o.<\/p>\n<p>A press\u00e3o para a instala\u00e7\u00e3o de uma CPI aumentou nos \u00faltimos dias diante de suspeitas de interfer\u00eancia do presidente Jair Bolsonaro nas investiga\u00e7\u00f5es contra o ex-ministro da pasta Milton Ribeiro, que chegou a ser preso durante a Opera\u00e7\u00e3o Acesso Pago, da Pol\u00edcia Federal.<\/p>\n<p>Parlamentares da base governista\u00a0tentam\u00a0retirar\u00a0pelo menos\u00a0cinco assinaturas do pedido j\u00e1 protocolado. At\u00e9 a leitura do pedido de instala\u00e7\u00e3o no plen\u00e1rio, senadores podem incluir ou retirar apoio \u00e0s CPIs. Em outra frente de atua\u00e7\u00e3o, eles pressionam o presidente do Senado a abrir outra CPI, j\u00e1 protocolada pelo senador Carlos Portinho (PL-RJ), para investigar obras inacabadas\u00a0em creches, escolas e universidades, no per\u00edodo de 2006 a 2018.<\/p>\n<h2>Crime organizado<\/h2>\n<p>Protocolada em abril pelo senador Eduardo Gir\u00e3o (Podemos-CE), a CPI do Crime Organizado\/Narcotr\u00e1fico foi proposta para investigar e apurar, entre outros pontos, a rela\u00e7\u00e3o entre o aumento de homic\u00eddios de jovens e adolescentes\u00a0no Brasil\u00a0entre 2016 a 2020 e a atividade criminosa.<\/p>\n<p>Na ocasi\u00e3o, Gir\u00e3o afirmou que, em 2016, uma disputa entre fac\u00e7\u00f5es criminosas gerou\u00a0um n\u00famero recorde de mortes violentas nos estados do Acre, do Amazonas, do Par\u00e1, do Cear\u00e1, de Pernambuco e do Rio Grande do Norte.<\/p>\n<p><span style=\"font-weight: 400;\">Fonte: Ag\u00eancia Brasil<\/span><\/p>\n","protected":false},"excerpt":{"rendered":"<p>O presidente do Senado, Rodrigo Pacheco (PSD-MG), afirmou nesta\u00a0ter\u00e7a-feira (5) que far\u00e1 a leitura em plen\u00e1rio do pedido de instala\u00e7\u00e3o de novas comiss\u00f5es parlamentares de inqu\u00e9rito (CPIs). Por meio das redes sociais, ele disse que \u201creconhece a import\u00e2ncia das CPIs para investigar il\u00edcitos no MEC [Minist\u00e9rio da Educa\u00e7\u00e3o], desmatamento ilegal na Amaz\u00f4nia, crime organizado e [&hellip;]<\/p>\n","protected":false},"author":246,"featured_media":201180,"comment_status":"closed","ping_status":"closed","sticky":false,"template":"","format":"standard","meta":{"footnotes":""},"categories":[436,440,254,439],"tags":[],"class_list":["post-201179","post","type-post","status-publish","format-standard","has-post-thumbnail","hentry","category-destaque-da-semana","category-destaques-do-dia","category-politica","category-ultima-hora"],"_links":{"self":[{"href":"https:\/\/diarioregionaldigital.com.br\/index.php?rest_route=\/wp\/v2\/posts\/201179","targetHints":{"allow":["GET"]}}],"collection":[{"href":"https:\/\/diarioregionaldigital.com.br\/index.php?rest_route=\/wp\/v2\/posts"}],"about":[{"href":"https:\/\/diarioregionaldigital.com.br\/index.php?rest_route=\/wp\/v2\/types\/post"}],"author":[{"embeddable":true,"href":"https:\/\/diarioregionaldigital.com.br\/index.php?rest_route=\/wp\/v2\/users\/246"}],"replies":[{"embeddable":true,"href":"https:\/\/diarioregionaldigital.com.br\/index.php?rest_route=%2Fwp%2Fv2%2Fcomments&post=201179"}],"version-history":[{"count":1,"href":"https:\/\/diarioregionaldigital.com.br\/index.php?rest_route=\/wp\/v2\/posts\/201179\/revisions"}],"predecessor-version":[{"id":201181,"href":"https:\/\/diarioregionaldigital.com.br\/index.php?rest_route=\/wp\/v2\/posts\/201179\/revisions\/201181"}],"wp:featuredmedia":[{"embeddable":true,"href":"https:\/\/diarioregionaldigital.com.br\/index.php?rest_route=\/wp\/v2\/media\/201180"}],"wp:attachment":[{"href":"https:\/\/diarioregionaldigital.com.br\/index.php?rest_route=%2Fwp%2Fv2%2Fmedia&parent=201179"}],"wp:term":[{"taxonomy":"category","embeddable":true,"href":"https:\/\/diarioregionaldigital.com.br\/index.php?rest_route=%2Fwp%2Fv2%2Fcategories&post=201179"},{"taxonomy":"post_tag","embeddable":true,"href":"https:\/\/diarioregionaldigital.com.br\/index.php?rest_route=%2Fwp%2Fv2%2Ftags&post=201179"}],"curies":[{"name":"wp","href":"https:\/\/api.w.org\/{rel}","templated":true}]}}