{"id":201176,"date":"2022-07-05T21:20:37","date_gmt":"2022-07-06T00:20:37","guid":{"rendered":"https:\/\/diarioregionaldigital.com.br\/?p=201176"},"modified":"2022-07-05T21:20:37","modified_gmt":"2022-07-06T00:20:37","slug":"servidores-do-banco-central-confirmam-fim-da-greve","status":"publish","type":"post","link":"https:\/\/diarioregionaldigital.com.br\/?p=201176","title":{"rendered":"Servidores do Banco Central confirmam fim da greve"},"content":{"rendered":"<p>Ap\u00f3s tr\u00eas meses de greve, os servidores do Banco Central (BC) aprovaram o retorno ao trabalho em assembleia sindical nesta manh\u00e3. A categoria voltar\u00e1 ao trabalho, mas pretende continuar o movimento com opera\u00e7\u00f5es padr\u00e3o, para tornar mais lentos projetos internos.<img decoding=\"async\" src=\"https:\/\/agenciabrasil.ebc.com.br\/ebc.png?id=1469344&amp;o=node\" \/><img decoding=\"async\" src=\"https:\/\/agenciabrasil.ebc.com.br\/ebc.gif?id=1469344&amp;o=node\" \/><\/p>\n<p>Por meio da assessoria de imprensa, o BC informou que a divulga\u00e7\u00e3o de estat\u00edsticas ser\u00e1 retomada gradualmente. Ainda n\u00e3o h\u00e1 defini\u00e7\u00e3o de datas, que ser\u00e3o comunicadas com cerca de 24 horas de anteced\u00eancia.<\/p>\n<p>Em nota, o Sindicato Nacional de Funcion\u00e1rios do Banco Central (Sinai) informou que, apesar do fim da greve, novas atividades de mobiliza\u00e7\u00e3o e protesto est\u00e3o sendo debatidas no \u00e2mbito da categoria e ser\u00e3o divulgadas ao longo das pr\u00f3ximas semanas. A entidade assegurou que o movimento n\u00e3o prejudicou a presta\u00e7\u00e3o de servi\u00e7os essenciais ao longo dos \u00faltimos tr\u00eas meses.<\/p>\n<p>\u201cDesde o princ\u00edpio, o movimento grevista ocorreu de maneira ordeira e respons\u00e1vel, garantindo a manuten\u00e7\u00e3o de servi\u00e7os essenciais ao cidad\u00e3o brasileiro, como o Pix\u201d, destacou o texto. O sindicato informou que a mobiliza\u00e7\u00e3o \u201ccumpriu seu papel\u201d, porque o BC enviou ao Minist\u00e9rio da Economia propostas para a reestrutura\u00e7\u00e3o da carreira, que envolve aspectos n\u00e3o salariais, e para a cria\u00e7\u00e3o de uma gratifica\u00e7\u00e3o por produtividade.<\/p>\n<p>Os funcion\u00e1rios do BC ficaram em\u00a0<a href=\"https:\/\/agenciabrasil.ebc.com.br\/economia\/noticia\/2022-03\/servidores-do-banco-central-anunciam-greve-partir-de-1o-de-abril\" target=\"_blank\" rel=\"noopener\">greve<\/a>\u00a0de 1\u00ba de abril\u00a0at\u00e9\u00a0ontem\u00a0(4), \u00faltimo dia poss\u00edvel para a entrada em vigor de aumentos salariais neste ano. Pela Lei de Responsabilidade Fiscal, o Congresso precisaria\u00a0ter\u00a0aprovado, at\u00e9\u00a030 de junho, reajustes que repusessem perdas com a infla\u00e7\u00e3o, com a lei entrando dois dias \u00fateis depois, o que corresponderia a\u00a04 de julho.<\/p>\n<p>Para cumprir esse prazo, no entanto, o governo precisaria\u00a0ter\u00a0enviado um projeto de lei ou medida provis\u00f3ria ao Congresso no fim\u00a0de maio\u00a0ou na primeira semana\u00a0de junho.<\/p>\n<h2>Reivindica\u00e7\u00f5es<\/h2>\n<p>Os funcion\u00e1rios do BC reivindicavam a reposi\u00e7\u00e3o das perdas inflacion\u00e1rias nos \u00faltimos anos, que chega a 27%. Eles tamb\u00e9m pediam a mudan\u00e7a da nomenclatura de analista para auditor e a exig\u00eancia de n\u00edvel superior para ingresso dos t\u00e9cnicos do BC. Com a negativa do governo em conceder aumentos, eles se concentraram na elabora\u00e7\u00e3o de um novo plano de carreiras.<\/p>\n<p>Em\u00a019 de abril, a categoria suspendeu a greve, mas retomaram o movimento por\u00a0<a href=\"https:\/\/agenciabrasil.ebc.com.br\/geral\/noticia\/2022-04\/servidores-do-bc-retomam-greve-partir-de-terca-feira\" target=\"_blank\" rel=\"noopener\">tempo indeterminado<\/a>\u00a0desde\u00a03 de maio. Desde ent\u00e3o, s\u00f3 servi\u00e7os considerados essenciais est\u00e3o sendo executados, como as reuni\u00f5es do Comit\u00ea de Pol\u00edtica Monet\u00e1ria (Copom), o Pix e a divulga\u00e7\u00e3o do d\u00e9ficit prim\u00e1rio no primeiro quadrimestre.<\/p>\n<p>A divulga\u00e7\u00e3o de estat\u00edsticas, como o boletim Focus (pesquisa semanal com institui\u00e7\u00f5es financeiras), o fluxo cambial, o Relat\u00f3rio de Poupan\u00e7a e a taxa Ptax di\u00e1ria (taxa m\u00e9dia de c\u00e2mbio que serve de refer\u00eancia para algumas negocia\u00e7\u00f5es), foi suspensa ou ocorre com bastante atraso desde ent\u00e3o. Projetos especiais, como a expans\u00e3o do\u00a0<em>open finance<\/em>\u00a0e a\u00a0segunda\u00a0fase de consultas de saques de valores esquecidos, est\u00e3o suspensos.<\/p>\n<p>Desde o in\u00edcio do ano, diversas categorias do funcionalismo federal trabalham em esquema de opera\u00e7\u00e3o-padr\u00e3o ou fazem greve porque o Or\u00e7amento de 2022 destinou R$ 1,7 bilh\u00e3o para reajuste a for\u00e7as federais de seguran\u00e7a. No fim\u00a0de abril, o governo confirmou que estudava um aumento linear de 5% para todo o funcionalismo, mas, no in\u00edcio\u00a0de junho, o ministro da Economia, Paulo Guedes, descartou a\u00a0<a href=\"https:\/\/agenciabrasil.ebc.com.br\/economia\/noticia\/2022-06\/ministro-diz-que-governo-nao-conseguira-dar-reajuste-servidores\" target=\"_blank\" rel=\"noopener\">concess\u00e3o de reajustes<\/a>\u00a0em 2022.<\/p>\n<p>Nas \u00faltimas semanas, servidores de \u00f3rg\u00e3os federais em greve voltaram ao trabalho. As atividades foram retomadas no Tesouro Nacional, no Instituto Nacional de Servi\u00e7o Social (INSS) e na Controladoria-Geral da Uni\u00e3o.<\/p>\n<p><span style=\"font-weight: 400;\">Fonte: Ag\u00eancia Brasil<\/span><\/p>\n","protected":false},"excerpt":{"rendered":"<p>Ap\u00f3s tr\u00eas meses de greve, os servidores do Banco Central (BC) aprovaram o retorno ao trabalho em assembleia sindical nesta manh\u00e3. A categoria voltar\u00e1 ao trabalho, mas pretende continuar o movimento com opera\u00e7\u00f5es padr\u00e3o, para tornar mais lentos projetos internos. Por meio da assessoria de imprensa, o BC informou que a divulga\u00e7\u00e3o de estat\u00edsticas ser\u00e1 [&hellip;]<\/p>\n","protected":false},"author":246,"featured_media":201177,"comment_status":"closed","ping_status":"closed","sticky":false,"template":"","format":"standard","meta":{"footnotes":""},"categories":[436,261,439],"tags":[],"class_list":["post-201176","post","type-post","status-publish","format-standard","has-post-thumbnail","hentry","category-destaque-da-semana","category-economia","category-ultima-hora"],"_links":{"self":[{"href":"https:\/\/diarioregionaldigital.com.br\/index.php?rest_route=\/wp\/v2\/posts\/201176","targetHints":{"allow":["GET"]}}],"collection":[{"href":"https:\/\/diarioregionaldigital.com.br\/index.php?rest_route=\/wp\/v2\/posts"}],"about":[{"href":"https:\/\/diarioregionaldigital.com.br\/index.php?rest_route=\/wp\/v2\/types\/post"}],"author":[{"embeddable":true,"href":"https:\/\/diarioregionaldigital.com.br\/index.php?rest_route=\/wp\/v2\/users\/246"}],"replies":[{"embeddable":true,"href":"https:\/\/diarioregionaldigital.com.br\/index.php?rest_route=%2Fwp%2Fv2%2Fcomments&post=201176"}],"version-history":[{"count":1,"href":"https:\/\/diarioregionaldigital.com.br\/index.php?rest_route=\/wp\/v2\/posts\/201176\/revisions"}],"predecessor-version":[{"id":201178,"href":"https:\/\/diarioregionaldigital.com.br\/index.php?rest_route=\/wp\/v2\/posts\/201176\/revisions\/201178"}],"wp:featuredmedia":[{"embeddable":true,"href":"https:\/\/diarioregionaldigital.com.br\/index.php?rest_route=\/wp\/v2\/media\/201177"}],"wp:attachment":[{"href":"https:\/\/diarioregionaldigital.com.br\/index.php?rest_route=%2Fwp%2Fv2%2Fmedia&parent=201176"}],"wp:term":[{"taxonomy":"category","embeddable":true,"href":"https:\/\/diarioregionaldigital.com.br\/index.php?rest_route=%2Fwp%2Fv2%2Fcategories&post=201176"},{"taxonomy":"post_tag","embeddable":true,"href":"https:\/\/diarioregionaldigital.com.br\/index.php?rest_route=%2Fwp%2Fv2%2Ftags&post=201176"}],"curies":[{"name":"wp","href":"https:\/\/api.w.org\/{rel}","templated":true}]}}