{"id":201166,"date":"2022-07-05T21:16:10","date_gmt":"2022-07-06T00:16:10","guid":{"rendered":"https:\/\/diarioregionaldigital.com.br\/?p=201166"},"modified":"2022-07-05T21:16:10","modified_gmt":"2022-07-06T00:16:10","slug":"pandemia-faz-aumentar-profissionais-em-tecnologia-e-diminuir-em-midia","status":"publish","type":"post","link":"https:\/\/diarioregionaldigital.com.br\/?p=201166","title":{"rendered":"Pandemia faz aumentar profissionais em tecnologia e diminuir em m\u00eddia"},"content":{"rendered":"<p>O n\u00famero de profissionais que atuam no setor da ind\u00fastria criativa no Brasil cresceu 11,7% de 2017 para 2020, com distribui\u00e7\u00e3o desigual entre as \u00e1reas. Enquanto em consumo o n\u00famero de v\u00ednculos empregat\u00edcios subiu 20% e em tecnologia aumentou 12,8%, em cultura houve queda de 7,2% e em m\u00eddia diminuiu 10,7%.<img decoding=\"async\" src=\"https:\/\/agenciabrasil.ebc.com.br\/ebc.png?id=1469211&amp;o=node\" \/><img decoding=\"async\" src=\"https:\/\/agenciabrasil.ebc.com.br\/ebc.gif?id=1469211&amp;o=node\" \/><\/p>\n<p>Os dados est\u00e3o na s\u00e9tima edi\u00e7\u00e3o do Mapeamento da Ind\u00fastria Criativa, divulgada\u00a0<span id=\"OBJ_PREFIX_DWT391_com_zimbra_date\" role=\"link\"><span id=\"OBJ_PREFIX_DWT403_com_zimbra_date\" role=\"link\">hoje<\/span><\/span>\u00a0(5) pela Federa\u00e7\u00e3o das Ind\u00fastrias do Estado do Rio<span id=\"OBJ_PREFIX_DWT404_com_zimbra_date\" role=\"link\">\u00a0de Janeiro<\/span>\u00a0(Firjan). O levantamento mostra\u00a0que o pa\u00eds tem\u00a0<span id=\"OBJ_PREFIX_DWT392_com_zimbra_date\" role=\"link\"><span id=\"OBJ_PREFIX_DWT405_com_zimbra_date\" role=\"link\">hoje<\/span><\/span>\u00a0935 mil profissionais criativos com empregos formais, sendo 47% deles na \u00e1rea de consumo, 37,5% em tecnologia, 9,1% em m\u00eddia e 6,4% em cultura.<\/p>\n<p>A Firjan divide a ind\u00fastria criativa em cultura &#8211;\u00a0que inclui express\u00f5es culturais, artes c\u00eanicas, m\u00fasica, patrim\u00f4nio e artes;\u00a0tecnologia, com tecnologia da informa\u00e7\u00e3o e comunica\u00e7\u00e3o (TIC), biotecnologia e pesquisa e desenvolvimento,\u00a0a \u00e1rea de consumo &#8211; que abrange publicidade e\u00a0<em>marketing<\/em>,<em>\u00a0design<\/em>, arquitetura e moda; e m\u00eddia, que se refere aos segmentos editorial e audiovisual.<\/p>\n<p>A primeira edi\u00e7\u00e3o do levantamento \u00e9 de 2008 e a periodicidade era bianual, mas a entidade decidiu atrasar um ano o levantamento para incluir 2020, reunindo informa\u00e7\u00f5es sobre como a pandemia de covid-19 afetou o setor. A fonte do estudo \u00e9 o Minist\u00e9rio do Trabalho e Previd\u00eancia.<\/p>\n<p>As principais quedas no v\u00ednculo empregat\u00edcio do setor, de 2017 para 2020, foram nas artes c\u00eanicas (-26,6%), patrim\u00f4nio e artes (-20,6%), moda (-16,9%) e editorial (-14,4%). Os aumentos mais expressivos no mesmo per\u00edodo ocorreram em publicidade &amp; marketing (48,2%), biotecnologia (22,7%), TIC (18,5%) e express\u00f5es culturais (7,8%).<\/p>\n<p>Por estado, os maiores mercados da ind\u00fastria criativa continuam com S\u00e3o Paulo, que soma 380,4 mil v\u00ednculos, e o Rio<span id=\"OBJ_PREFIX_DWT393_com_zimbra_date\" role=\"link\">\u00a0de Janeiro<\/span>, com 95,7 mil. Na \u00e1rea da cultura, se destacam os estados do Norte e do Nordeste na quantidade de profissionais no setor:<\/p>\n<p>Para\u00edba (13,6%); Bahia (12,2%); Piau\u00ed (11,8%); Alagoas (11,4%); Acre (11,0%) e Rio Grande do Norte (10,6%) lideram o\u00a0<em>ranking<\/em>\u00a0de participa\u00e7\u00e3o de profissionais na \u00e1rea cultural.<\/p>\n<p>Segundo a Firjan, a participa\u00e7\u00e3o da ind\u00fastria criativa no Produto Interno Bruto (PIB) passou de 2,61% em 2017 para 2,91% em 2020, com um total de R$ 217,4 bilh\u00f5es, percentual recorde na s\u00e9rie hist\u00f3rica, iniciada em 2004. O valor se compara \u00e0 produ\u00e7\u00e3o da constru\u00e7\u00e3o civil e ultrapassa a extra\u00e7\u00e3o mineral.<\/p>\n<h2>Pandemia<\/h2>\n<p>O vice-presidente da Firjan, Leonardo Edde, destaca que as mudan\u00e7as refletem os novos modelos de neg\u00f3cio e h\u00e1bitos de consumo, com a expans\u00e3o da tecnologia na pandemia e a consequente necessidade da transforma\u00e7\u00e3o digital de empresas de todos os segmentos, bem como a reestrutura\u00e7\u00e3o do setor de m\u00eddia, que alterou as formas de produ\u00e7\u00e3o, dissemina\u00e7\u00e3o e consumo de conte\u00fado.<\/p>\n<p>\u201cAs produ\u00e7\u00f5es criativas nos ajudaram a encarar os dias dif\u00edceis de pandemia e a manter a sa\u00fade mental no isolamento. O problema \u00e9 que n\u00f3s apenas consumimos, mas n\u00e3o geramos mais dessa riqueza em raz\u00e3o do isolamento e de outras barreiras f\u00edsicas geradas pela pandemia. Ou seja: aumentou o consumo e caiu a produ\u00e7\u00e3o cultural\u201d, diz.<\/p>\n<p>A pesquisa destaca que o cen\u00e1rio no fim do primeiro ano da pandemia era de 14,8 milh\u00f5es de desempregados no pa\u00eds, o que correspondia a 14,7% da popula\u00e7\u00e3o economicamente ativa, incluindo 31% dos jovens.<\/p>\n<p>De acordo com o estudo, a remunera\u00e7\u00e3o m\u00e9dia dos profissionais do setor criativos,\u00a0de R$6.926,00 em 2020, era 2,37 vezes maior do que a remunera\u00e7\u00e3o m\u00e9dia do trabalhador brasileiro, que estava em R$2.924,00. Em 2017, essa diferen\u00e7a era de 2,45 vezes.<\/p>\n<p>A gerente de ambientes de inova\u00e7\u00e3o da Firjan, Julia Zardo, destaca que as mudan\u00e7as de paradigma vivenciadas durante a pandemia foram incorporadas e convivem com os antigos.<\/p>\n<p>\u201cEsses paradigmas coexistem e a gente est\u00e1 criando novos. Como o anal\u00f3gico vai conviver com o tecnol\u00f3gico, essas experi\u00eancias v\u00e3o ser ressignificadas. O presencial e o digital, o ser humano tem usado as novas tecnologias de informa\u00e7\u00e3o e de comunica\u00e7\u00e3o, mas depois de dois anos usando, a gente lembrou que o ser humano \u00e9 um bicho social e precisa ir para a rua, se encontrar\u201d.<\/p>\n<p>Julia destaca o aumento das vendas\u00a0<em>online<\/em>, que subiram 785% em faturamento nos cinco primeiros meses de 2022, na compara\u00e7\u00e3o com o per\u00edodo pr\u00e9-pandemia. Apenas S\u00e3o Paulo registrou 924 mil pedidos no\u00a0<em>e-commerce<\/em><span id=\"OBJ_PREFIX_DWT394_com_zimbra_date\" role=\"link\">\u00a0de janeiro<\/span>\u00a0a maio, seguido oe Rio<span id=\"OBJ_PREFIX_DWT395_com_zimbra_date\" role=\"link\">\u00a0de Janeiro<\/span>, com 331 mil, e Santa Catarina, com 279 mil.<\/p>\n<p>\u201cA gente tem uma pesquisa da\u00a0Firjan do ano passado com as ind\u00fastrias, mostrando muitas mudan\u00e7as no seu processo produtivo e de vendas. Em torno de 80% disseram que n\u00e3o iriam voltar ao que era antes, que eles gostaram das mudan\u00e7as e v\u00e3o continuar mudando cada vez mais\u201d, diz Julia.<\/p>\n<h2>An\u00e1lise tem\u00e1tica<\/h2>\n<p>Esta edi\u00e7\u00e3o do mapeamento trouxe quatro an\u00e1lises tem\u00e1ticas. Edde explica que\u00a0em\u00a0<em>Soft Power<\/em>\u00a0e desenvolvimento com base na cultura e identidade dos territ\u00f3rios\u201d, o levantamento indica\u00a0o potencial que o Brasil tem para usar sua imagem e influ\u00eancia afim\u00a0\u00a0estimular neg\u00f3cios e gerar desenvolvimento.<\/p>\n<p>\u201cA gente est\u00e1 trabalhando para trazer de volta o potencial positivo do\u00a0<em>Soft Power<\/em>\u00a0brasileiro. \u00c9 um pa\u00eds que, nos estudos internacionais, apresenta \u00edndices positivos relacionados a um pa\u00eds festeiro, um povo amig\u00e1vel, receptivo. O Brasil tem uma familiaridade muito grande no mundo\u201d.<\/p>\n<p>Ele destaca, por\u00e9m, que tamb\u00e9m h\u00e1 uma imagem internacional negativa do Brasil, que precisa ser revertida.<\/p>\n<p>\u201cEssas refer\u00eancias, como o jeitinho brasileiro, a malandragem carioca, contribuem para esse S<em>oft Powe<\/em>r reverso, que traz uma imagem negativa ao empresariado, que \u00e9 uma imagem de corrup\u00e7\u00e3o, malandragem, jeitinho nos neg\u00f3cios e servi\u00e7os e por a\u00ed vai. Claro, existe a realidade do que acontece, como existe em qualquer lugar do mundo, mas precisamos entender e trabalhar o nosso\u00a0<em>Soft Power<\/em>\u00a0de maneira positiva.\u201d<\/p>\n<p>As outras an\u00e1lises especiais s\u00e3o\u00a0Defini\u00e7\u00f5es e Fronteiras da Economia Criativa,\u00a0\u00a0que prop\u00f5e uma discuss\u00e3o sobre o que \u00e9 Economia Criativa &#8211; Desafios \u00e0 valora\u00e7\u00e3o de intang\u00edvel nas Ind\u00fastrias Criativas, para tratar do papel central que os ativos intang\u00edveis v\u00eam ganhando em uma economia cada vez mais digital; e Aspectos da Prote\u00e7\u00e3o da Propriedade Intelectual\u201d, que discute a venda de c\u00f3pias e o licenciamento de direitos autorais<\/p>\n<p>O estudo completo est\u00e1 dispon\u00edvel no site\u00a0<span id=\"OBJ_PREFIX_DWT396_com_zimbra_url\" role=\"link\"><span id=\"OBJ_PREFIX_DWT406_com_zimbra_url\" role=\"link\"><a href=\"https:\/\/www.firjan.com.br\/EconomiaCriativa\" target=\"_blank\" rel=\"noopener\">https:\/\/www.firjan.com.br\/EconomiaCriativa<\/a><\/span><\/span>.<\/p>\n<h2>Centro de refer\u00eancia audiovisual<\/h2>\n<p>A apresenta\u00e7\u00e3o do estudo ocorre\u00a0junto com o lan\u00e7amento da Escola Firjan Senai Sesi Laranjeiras, que ser\u00e1 um centro de refer\u00eancia no setor de audiovisual do estado do Rio. Ser\u00e3o ofertados no local, na Rua Ipiranga n\u00famero 75, cursos t\u00e9cnicos como Produ\u00e7\u00e3o de \u00c1udio e V\u00eddeo, Desenvolvedor de Conte\u00fado de Youtube e Computa\u00e7\u00e3o Gr\u00e1fica.<\/p>\n<p>A estrutura conta com laborat\u00f3rios de figurino, captura de movimento, colorimetria, workstation e de fabrica\u00e7\u00e3o digital, com impressoras 3D e m\u00e1quinas de corte a laser. Edde destaca que a escola se alinha \u00e0s mudan\u00e7as estruturais que atingem a ind\u00fastria criativa.<\/p>\n<p>\u201cExiste uma tend\u00eancia muito forte de digitaliza\u00e7\u00e3o do setor, e a nossa escola vem para atender essa necessidade e inserir no mercado mais profissionais com todos os tipos de qualifica\u00e7\u00e3o<strong>,\u00a0<\/strong>especialmente neste momento em que as produ\u00e7\u00f5es foram retomadas e est\u00e3o a pleno vapor\u201d.<\/p>\n<p>Mais informa\u00e7\u00f5es no site\u00a0<span id=\"OBJ_PREFIX_DWT398_com_zimbra_url\" role=\"link\"><span id=\"OBJ_PREFIX_DWT407_com_zimbra_url\" role=\"link\"><a href=\"http:\/\/www.firjansenai.com.br\/audiovisual\" target=\"_blank\" rel=\"noopener\">www.firjansenai.com.br\/audiovisual<\/a><\/span><\/span>.<\/p>\n<p><span style=\"font-weight: 400;\">Fonte: Ag\u00eancia Brasil<\/span><\/p>\n","protected":false},"excerpt":{"rendered":"<p>O n\u00famero de profissionais que atuam no setor da ind\u00fastria criativa no Brasil cresceu 11,7% de 2017 para 2020, com distribui\u00e7\u00e3o desigual entre as \u00e1reas. Enquanto em consumo o n\u00famero de v\u00ednculos empregat\u00edcios subiu 20% e em tecnologia aumentou 12,8%, em cultura houve queda de 7,2% e em m\u00eddia diminuiu 10,7%. Os dados est\u00e3o na [&hellip;]<\/p>\n","protected":false},"author":246,"featured_media":201167,"comment_status":"closed","ping_status":"closed","sticky":false,"template":"","format":"standard","meta":{"footnotes":""},"categories":[436,440,261,439],"tags":[],"class_list":["post-201166","post","type-post","status-publish","format-standard","has-post-thumbnail","hentry","category-destaque-da-semana","category-destaques-do-dia","category-economia","category-ultima-hora"],"_links":{"self":[{"href":"https:\/\/diarioregionaldigital.com.br\/index.php?rest_route=\/wp\/v2\/posts\/201166","targetHints":{"allow":["GET"]}}],"collection":[{"href":"https:\/\/diarioregionaldigital.com.br\/index.php?rest_route=\/wp\/v2\/posts"}],"about":[{"href":"https:\/\/diarioregionaldigital.com.br\/index.php?rest_route=\/wp\/v2\/types\/post"}],"author":[{"embeddable":true,"href":"https:\/\/diarioregionaldigital.com.br\/index.php?rest_route=\/wp\/v2\/users\/246"}],"replies":[{"embeddable":true,"href":"https:\/\/diarioregionaldigital.com.br\/index.php?rest_route=%2Fwp%2Fv2%2Fcomments&post=201166"}],"version-history":[{"count":1,"href":"https:\/\/diarioregionaldigital.com.br\/index.php?rest_route=\/wp\/v2\/posts\/201166\/revisions"}],"predecessor-version":[{"id":201168,"href":"https:\/\/diarioregionaldigital.com.br\/index.php?rest_route=\/wp\/v2\/posts\/201166\/revisions\/201168"}],"wp:featuredmedia":[{"embeddable":true,"href":"https:\/\/diarioregionaldigital.com.br\/index.php?rest_route=\/wp\/v2\/media\/201167"}],"wp:attachment":[{"href":"https:\/\/diarioregionaldigital.com.br\/index.php?rest_route=%2Fwp%2Fv2%2Fmedia&parent=201166"}],"wp:term":[{"taxonomy":"category","embeddable":true,"href":"https:\/\/diarioregionaldigital.com.br\/index.php?rest_route=%2Fwp%2Fv2%2Fcategories&post=201166"},{"taxonomy":"post_tag","embeddable":true,"href":"https:\/\/diarioregionaldigital.com.br\/index.php?rest_route=%2Fwp%2Fv2%2Ftags&post=201166"}],"curies":[{"name":"wp","href":"https:\/\/api.w.org\/{rel}","templated":true}]}}