{"id":201151,"date":"2022-07-04T21:34:22","date_gmt":"2022-07-05T00:34:22","guid":{"rendered":"https:\/\/diarioregionaldigital.com.br\/?p=201151"},"modified":"2022-07-04T21:34:22","modified_gmt":"2022-07-05T00:34:22","slug":"prefeitura-instala-luminarias-em-led-na-rua-jose-kalil-ahuagi","status":"publish","type":"post","link":"https:\/\/diarioregionaldigital.com.br\/?p=201151","title":{"rendered":"Prefeitura instala lumin\u00e1rias em Led na Rua Jos\u00e9 Kalil Ahuagi"},"content":{"rendered":"<p>Segundo informa\u00e7\u00f5es do site da Prefeitura de Juiz de Fora (PJF), o\u00a0Programa Boniteza da Prefeitura de Juiz de Fora (PJF) realizou a instala\u00e7\u00e3o de lumin\u00e1rias em LED na Rua Jos\u00e9 Kalil Ahuagi, no Centro da cidade, nesta sexta-feira, 1\u00ba. As antigas l\u00e2mpadas ser\u00e3o trocadas por novas, a fim de garantir maior economia e seguran\u00e7a.<\/p>\n<p>Por meio do Programa Boniteza e do Brilha JF, em 2021 foram instaladas mais de 1.500 lumin\u00e1rias de LED em vias estrat\u00e9gicas da cidade como a Avenida JK; Avenida Get\u00falio Vargas; Avenida Presidente Itamar Franco; Avenida Brasil, at\u00e9 o viaduto da\u00a0BD;\u00a0Avenida Governador Valadares; Rua S\u00e3o Mateus; Rua Ibitiguaia; Rua Benjamin Constant; Rua Ces\u00e1rio Alvim; Avenida Francisco Bernardino; Rua Paulo Frontin; Rua Doutor Prisco; Estrada Engenheiro Gentil Forn; Rua Jos\u00e9 Louren\u00e7o Kelmer, entre a Ponte Casablanca e a UFJF; acesso \u00e0 Nova Benfica pela Rua Martins Barbosa, Viaduto Augusto Franco e Viaduto Ramirez Gonzales, al\u00e9m de diversas pra\u00e7as da cidade.<\/p>\n<p><strong>Gabinete de A\u00e7\u00e3o e Di\u00e1logo Comunit\u00e1rio<\/strong><\/p>\n<p>As a\u00e7\u00f5es da SO s\u00e3o realizadas atrav\u00e9s do<strong>\u00a0<\/strong><strong><a href=\"https:\/\/www.pjf.mg.gov.br\/gabinetecomunitario\/\" target=\"_blank\" rel=\"noopener\">Gabinete de A\u00e7\u00e3o e Di\u00e1logo Comunit\u00e1rio<\/a><\/strong>, que recebe demandas de melhorias urbanas pelo n\u00famero (32) 3690-7241, por liga\u00e7\u00e3o ou WhatsApp.<\/p>\n<p>No site do gabinete, est\u00e3o dispon\u00edveis informa\u00e7\u00f5es atualizadas diariamente sobre os servi\u00e7os realizados pelas secretarias de Obras; de Sustentabilidade em Meio Ambiente e Atividades Urbanas (Sesmaur); de Mobilidade Urbana (SMU); e pela Empresa Municipal de Pavimenta\u00e7\u00e3o e Urbaniza\u00e7\u00e3o (Empav); Departamento Municipal de Limpeza Urbana (Demlurb); e Companhia de Saneamento Municipal (Cesama).<\/p>\n","protected":false},"excerpt":{"rendered":"<p>Segundo informa\u00e7\u00f5es do site da Prefeitura de Juiz de Fora (PJF), o\u00a0Programa Boniteza da Prefeitura de Juiz de Fora (PJF) realizou a instala\u00e7\u00e3o de lumin\u00e1rias em LED na Rua Jos\u00e9 Kalil Ahuagi, no Centro da cidade, nesta sexta-feira, 1\u00ba. As antigas l\u00e2mpadas ser\u00e3o trocadas por novas, a fim de garantir maior economia e seguran\u00e7a. Por [&hellip;]<\/p>\n","protected":false},"author":246,"featured_media":201152,"comment_status":"closed","ping_status":"closed","sticky":false,"template":"","format":"standard","meta":{"footnotes":""},"categories":[253,436,439],"tags":[],"class_list":["post-201151","post","type-post","status-publish","format-standard","has-post-thumbnail","hentry","category-cidade","category-destaque-da-semana","category-ultima-hora"],"_links":{"self":[{"href":"https:\/\/diarioregionaldigital.com.br\/index.php?rest_route=\/wp\/v2\/posts\/201151","targetHints":{"allow":["GET"]}}],"collection":[{"href":"https:\/\/diarioregionaldigital.com.br\/index.php?rest_route=\/wp\/v2\/posts"}],"about":[{"href":"https:\/\/diarioregionaldigital.com.br\/index.php?rest_route=\/wp\/v2\/types\/post"}],"author":[{"embeddable":true,"href":"https:\/\/diarioregionaldigital.com.br\/index.php?rest_route=\/wp\/v2\/users\/246"}],"replies":[{"embeddable":true,"href":"https:\/\/diarioregionaldigital.com.br\/index.php?rest_route=%2Fwp%2Fv2%2Fcomments&post=201151"}],"version-history":[{"count":1,"href":"https:\/\/diarioregionaldigital.com.br\/index.php?rest_route=\/wp\/v2\/posts\/201151\/revisions"}],"predecessor-version":[{"id":201153,"href":"https:\/\/diarioregionaldigital.com.br\/index.php?rest_route=\/wp\/v2\/posts\/201151\/revisions\/201153"}],"wp:featuredmedia":[{"embeddable":true,"href":"https:\/\/diarioregionaldigital.com.br\/index.php?rest_route=\/wp\/v2\/media\/201152"}],"wp:attachment":[{"href":"https:\/\/diarioregionaldigital.com.br\/index.php?rest_route=%2Fwp%2Fv2%2Fmedia&parent=201151"}],"wp:term":[{"taxonomy":"category","embeddable":true,"href":"https:\/\/diarioregionaldigital.com.br\/index.php?rest_route=%2Fwp%2Fv2%2Fcategories&post=201151"},{"taxonomy":"post_tag","embeddable":true,"href":"https:\/\/diarioregionaldigital.com.br\/index.php?rest_route=%2Fwp%2Fv2%2Ftags&post=201151"}],"curies":[{"name":"wp","href":"https:\/\/api.w.org\/{rel}","templated":true}]}}