{"id":201147,"date":"2022-07-04T21:32:14","date_gmt":"2022-07-05T00:32:14","guid":{"rendered":"https:\/\/diarioregionaldigital.com.br\/?p=201147"},"modified":"2022-07-04T21:32:14","modified_gmt":"2022-07-05T00:32:14","slug":"inscricoes-para-a-1a-colonia-de-ferias-do-parque-da-lajinha-comecam-nesta-sexta-feira-1o","status":"publish","type":"post","link":"https:\/\/diarioregionaldigital.com.br\/?p=201147","title":{"rendered":"Inscri\u00e7\u00f5es para a 1\u00aa Col\u00f4nia de F\u00e9rias do Parque da Lajinha come\u00e7am nesta sexta-feira, 1\u00ba"},"content":{"rendered":"<p>Segundo informa\u00e7\u00f5es do site da Prefeitura de Juiz de Fora (PJF), com o objetivo de proporcionar maior integra\u00e7\u00e3o com a natureza, lazer e muita divers\u00e3o para as crian\u00e7as, a Prefeitura de Juiz de Fora (PJF) realizar\u00e1, entre os dias 12 a 17 de julho, a 1\u00aa Col\u00f4nia de F\u00e9rias do Parque da Lajinha. A programa\u00e7\u00e3o contar\u00e1 com gincanas, atividades de educa\u00e7\u00e3o ambiental, jogos, piqueniques e muitas brincadeiras. Al\u00e9m das atividades, ser\u00e1 oferecido lanche gratuito aos participantes.<\/p>\n<p>&nbsp;<\/p>\n<p>O evento \u00e9 coordenado pela Secretaria de Sustentabilidade em Meio Ambiente e Atividades (Sesmaur), e desenvolvido em parceria com a Secretaria de Seguran\u00e7a Urbana e Cidadania (Sesuc), Secretaria de Sa\u00fade (SS), Secretaria de Agricultura Pecu\u00e1ria e Abastecimento\u00a0(Seapa), Secretaria de Esporte e Lazer (SEL) e tamb\u00e9m com o Sesc Juiz de Fora e a empresa Nexa.<\/p>\n<p>&nbsp;<\/p>\n<p><strong>Inscri\u00e7\u00f5es<\/strong><\/p>\n<p>&nbsp;<\/p>\n<p>O evento ser\u00e1 gratuito e limitado ao n\u00famero de 30 crian\u00e7as, entre seis e 12 anos de idade. Os interessados em participar podem se inscrever a partir desta sexta-feira, 1\u00ba, at\u00e9 a segunda-feira, 11, nos seguintes locais:<\/p>\n<p>&nbsp;<\/p>\n<p>&#8211;\u00a0<a href=\"https:\/\/docs.google.com\/forms\/d\/1XsNQVBrZIs2gR7ApTfj8G7kEV4kY9PToogUUP2A_dRs\/edit?ts=62bf455d\"><strong>Atrav\u00e9s do link<\/strong><\/a><\/p>\n<p>&nbsp;<\/p>\n<p>&#8211; Instagram @parquedalajinhajf (Bio)<\/p>\n<p>&nbsp;<\/p>\n<p>Vale destacar que ser\u00e3o ofertadas 30 vagas, atingido o limite determinado o cadastro ser\u00e1 encerrado.<\/p>\n<p>&nbsp;<\/p>\n<p><strong>Hor\u00e1rio das atividades<\/strong><\/p>\n<p>&nbsp;<\/p>\n<p>De Segunda \u00e0 sexta-feira &#8211; 12\/07 a 15\/07, das 13h \u00e0s 16h.<\/p>\n<p>S\u00e1bado &#8211; 16\/07 das 09h \u00e0s 13h<\/p>\n<p>Domingo &#8211; 17\/07, das 10h \u00e0s 12h<\/p>\n<p>&nbsp;<\/p>\n<p><strong>\u00a0Programa\u00e7\u00e3o<\/strong><\/p>\n<p>&nbsp;<\/p>\n<p><strong>Dia 12 \u2013 Ter\u00e7a-feira<\/strong><\/p>\n<p>13h &#8211; Abertura<\/p>\n<p>13h30 &#8211; Visita orientada (Sesmaur)<\/p>\n<p>14h30 \u00e0s 15h &#8211; Piquenique no bosque<\/p>\n<p>15h &#8211; Atividade recreativa e aul\u00e3o Junino (Empresa Nexa)<\/p>\n<p>16h &#8211; Encerramento<\/p>\n<p>&nbsp;<\/p>\n<p><strong>Dia 13 \u2013 Quarta-feira<\/strong><\/p>\n<p>&nbsp;<\/p>\n<p>13h \u00e0s 16h &#8211; Gincana Ambiental (Sesmaur)<\/p>\n<p>Projeto Guarda Cidad\u00e3&#8221;: pintura corporal, desenhos e mascotes da Guarda Municipal (Sesuc)<\/p>\n<p>14h30 \u00e0s 15h &#8211; Piquenique no bosque<\/p>\n<p>16h &#8211; Encerramento<\/p>\n<p>&nbsp;<\/p>\n<p><strong>Dia 14 &#8211; Quinta-feira<\/strong><\/p>\n<p>&nbsp;<\/p>\n<p>13h &#8211; Oficina de desenho, mem\u00f3ria e observa\u00e7\u00e3o com Luara Sanches (Sesmaur)<\/p>\n<p>14h30 &#8211; Piquenique no bosque<\/p>\n<p>15h &#8211; Teatro: Deng\u00e3o e sua turma no combate ao mosquito da dengue e Exposi\u00e7\u00e3o de animais pe\u00e7onhentos(SS)<\/p>\n<p>16h &#8211; Encerramento<\/p>\n<p>&nbsp;<\/p>\n<p><strong>Dia 15 &#8211; Sexta-feira<\/strong><\/p>\n<p>&nbsp;<\/p>\n<p>13h &#8211; Atividade recreativa (Sesmaur)<\/p>\n<p>14h &#8211; Jogos e brincadeiras (Sesc)<\/p>\n<p>14h30 &#8211; Piquenique no bosque<\/p>\n<p>15h &#8211; Jogos e brincadeiras (Sesc)<\/p>\n<p>16h &#8211; Encerramento<\/p>\n<p>&nbsp;<\/p>\n<p><strong>\u00a0<\/strong><strong>Dia 16 &#8211; S\u00e1bado: Aberto ao p\u00fablico, sem necessidade de inscri\u00e7\u00e3o<\/strong><\/p>\n<p>&nbsp;<\/p>\n<p>9h &#8211; Jogos e brincadeiras(Sesc)<\/p>\n<p>13h &#8211; Encerramento<\/p>\n<p>&nbsp;<\/p>\n<p><strong>Dia 17 &#8211; Domingo: Aberto ao p\u00fablico, sem necessidade de inscri\u00e7\u00e3o<\/strong><\/p>\n<p>&nbsp;<\/p>\n<p>10h &#8211; Piquenique saud\u00e1vel com as fam\u00edlias com distribui\u00e7\u00e3o de frutas (Seapa)<\/p>\n<p>12h &#8211; Encerramento<\/p>\n<p>&nbsp;<\/p>\n<p><strong>Outras informa\u00e7\u00f5es:<\/strong><\/p>\n<p>(32)3690-8577<\/p>\n<p>instagram: @parquedalajinhajf<\/p>\n","protected":false},"excerpt":{"rendered":"<p>Segundo informa\u00e7\u00f5es do site da Prefeitura de Juiz de Fora (PJF), com o objetivo de proporcionar maior integra\u00e7\u00e3o com a natureza, lazer e muita divers\u00e3o para as crian\u00e7as, a Prefeitura de Juiz de Fora (PJF) realizar\u00e1, entre os dias 12 a 17 de julho, a 1\u00aa Col\u00f4nia de F\u00e9rias do Parque da Lajinha. A programa\u00e7\u00e3o [&hellip;]<\/p>\n","protected":false},"author":246,"featured_media":201149,"comment_status":"closed","ping_status":"closed","sticky":false,"template":"","format":"standard","meta":{"footnotes":""},"categories":[253,436,439],"tags":[],"class_list":["post-201147","post","type-post","status-publish","format-standard","has-post-thumbnail","hentry","category-cidade","category-destaque-da-semana","category-ultima-hora"],"_links":{"self":[{"href":"https:\/\/diarioregionaldigital.com.br\/index.php?rest_route=\/wp\/v2\/posts\/201147","targetHints":{"allow":["GET"]}}],"collection":[{"href":"https:\/\/diarioregionaldigital.com.br\/index.php?rest_route=\/wp\/v2\/posts"}],"about":[{"href":"https:\/\/diarioregionaldigital.com.br\/index.php?rest_route=\/wp\/v2\/types\/post"}],"author":[{"embeddable":true,"href":"https:\/\/diarioregionaldigital.com.br\/index.php?rest_route=\/wp\/v2\/users\/246"}],"replies":[{"embeddable":true,"href":"https:\/\/diarioregionaldigital.com.br\/index.php?rest_route=%2Fwp%2Fv2%2Fcomments&post=201147"}],"version-history":[{"count":1,"href":"https:\/\/diarioregionaldigital.com.br\/index.php?rest_route=\/wp\/v2\/posts\/201147\/revisions"}],"predecessor-version":[{"id":201150,"href":"https:\/\/diarioregionaldigital.com.br\/index.php?rest_route=\/wp\/v2\/posts\/201147\/revisions\/201150"}],"wp:featuredmedia":[{"embeddable":true,"href":"https:\/\/diarioregionaldigital.com.br\/index.php?rest_route=\/wp\/v2\/media\/201149"}],"wp:attachment":[{"href":"https:\/\/diarioregionaldigital.com.br\/index.php?rest_route=%2Fwp%2Fv2%2Fmedia&parent=201147"}],"wp:term":[{"taxonomy":"category","embeddable":true,"href":"https:\/\/diarioregionaldigital.com.br\/index.php?rest_route=%2Fwp%2Fv2%2Fcategories&post=201147"},{"taxonomy":"post_tag","embeddable":true,"href":"https:\/\/diarioregionaldigital.com.br\/index.php?rest_route=%2Fwp%2Fv2%2Ftags&post=201147"}],"curies":[{"name":"wp","href":"https:\/\/api.w.org\/{rel}","templated":true}]}}